{"id":192991,"date":"2022-08-12T17:45:50","date_gmt":"2022-08-12T15:45:50","guid":{"rendered":"http:\/\/www.bellaumbria.net\/umbria-jazz-winter-3\/"},"modified":"2022-08-12T17:45:50","modified_gmt":"2022-08-12T15:45:50","slug":"umbria-jazz-winter-3","status":"publish","type":"post","link":"https:\/\/www.bellaumbria.net\/en\/umbria-jazz-winter-3\/","title":{"rendered":"Umbria Jazz Winter"},"content":{"rendered":"<div style=\"display:none\">\n<p><strong>Umbria Jazz Winter<\/strong> <strong>celebra quest&#8217;anno la sua 26esima edizione<\/strong> con un programma ancora pi\u00f9 ricco e di qualit\u00e0, tra novit\u00e0 e grandi ritorni. Partecipa a questo anniversario e inaugurare il nuovo anno all&#8217;insegna della musica, <strong>festeggiando il 2019 con Umbria Jazz Winter,<\/strong> nella splendida cornice di <strong>Orvieto<\/strong>.<\/p>\n<p>Quello con la musica Jazz in versione invernale \u00e8 un appuntamento come sempre da non perdere,<strong> <\/strong>i cui eventi e concerti sono organizzati nella citt\u00e0 umbra per 5 giornate davvero speciali\u00a0<strong>dal 28 Dicembre 2018 al 1\u00b0 Gennaio 2019<\/strong>.<\/p>\n<p><a href=\"http:\/\/www.bellaumbria.net\/it\/eventi\/umbria-jazz-winter\/attachment\/umbria-jazz-winter-26\/\" rel=\"attachment wp-att-78979\"><img decoding=\"async\" loading=\"lazy\" class=\"aligncenter size-full wp-image-78979\" title=\"Umbria Jazz Winter #26\" src=\"http:\/\/www.bellaumbria.net\/wp-content\/uploads\/2015\/12\/Umbria-Jazz-Winter-26.png\" alt=\"\" width=\"590\" height=\"324\" \/><\/a><\/p>\n<p style=\"text-align: center;\"><a href=\"http:\/\/www.bellaumbria.net\/it\/strutture-ricettive\/orvieto\/\" target=\"_blank\" rel=\"noopener\">>> Vivi la magia di Umbria Jazz Winter, soggiorna nei migliori hotel e agriturismi di Orvieto<\/a><\/p>\n<p>\u00a0<\/p>\n<h2><span style=\"color: #008000;\">Umbria Jazz Winter #26<\/span><\/h2>\n<p><strong>Umbria Jazz Winter #26<\/strong>, come da tradizione, accompagna l&#8217;anno nuovo orvietano fin del 1993, anno della prima edizione. Nelle<strong> 5 giornate previste<\/strong>, la citt\u00e0 sar\u00e0 ricca di concerti e spettacoli, con tantissimi musicisti e un&#8217;originale <strong>miscela di generi<\/strong>: dal jazz al blues, dal gospel al soul.<\/p>\n<p>La formula del festival \u00e8 infatti quella di proporre eventi diffusi in tutto il centro storico, oltre che in <strong>diverse location suggestive ed importanti<\/strong>, tra cui il Teatro Mancinelli, il Palazzo del Popolo, il Palazzo dei Sette, il Museo Emilio Greco, il Duomo e il centro storico stesso di Orvieto.<\/p>\n<p style=\"text-align: center;\"><a href=\"http:\/\/www.bellaumbria.net\/it\/eventi\/umbria-jazz-winter-2016\/attachment\/umbriajazz_558\/\" rel=\"attachment wp-att-69271\"><img decoding=\"async\" loading=\"lazy\" class=\"size-full wp-image-69271 aligncenter\" title=\"umbriajazz_558\" src=\"http:\/\/www.bellaumbria.net\/wp-content\/uploads\/2015\/12\/umbriajazz_558.jpg\" alt=\"\" width=\"500\" height=\"253\" \/><\/a><\/p>\n<h3 style=\"text-align: center;\"><a href=\"http:\/\/www.bellaumbria.net\/it\/offerte\/\" target=\"_blank\" rel=\"noopener\">>> Ci sono tante offerte in scadenza in Umbria, clicca qui per consultarle<\/a><\/h3>\n<p>\u00a0<\/p>\n<h2><span style=\"color: #005700;\">Umbria Jazz Winter #26: gli appuntamenti pi\u00f9 interessanti<\/span><\/h2>\n<ul>\n<li>\n<p id=\"ctl00_cphBody_mcsElencoEventi_rptItems_ctl05_lnkItemTitle\"><strong>&#8220;LA DOLCE VITA&#8221;<\/strong><\/p>\n<\/li>\n<\/ul>\n<div>\n<p>Enrico Rava, Roberto Gatto e Danilo Rea insieme sul palco con il contrabbassista e compositore Giovanni Tommaso per festeggiare i suoi sessant&#8217;anni di carriera. Uno spettacolo che ripercorre il suo vissuto artistico in una dimensione di festa, riportando sul palco un gruppo di grandi artisti e prima ancora di amici, nonch\u00e9 riproponendo i brani di uno dei dischi italiani pi\u00f9 balli e celebri.<\/p>\n<\/div>\n<p><strong>28 Dicembre<\/strong>, ore 21:00 Teatro Mancinelli<br \/> <strong>29 Dicembre<\/strong>, ore 16:00 Palazzo del Popolo<br \/> <strong>30 Dicembre<\/strong>, ore 19:00 Palazzo del Popolo<\/p>\n<p>\u00a0<\/p>\n<ul>\n<li><strong>&#8220;CINEMA ITALIA&#8221;<\/strong><\/li>\n<\/ul>\n<p style=\"text-align: left;\">Un sentito tributo al cinema italiano, il quale ha certamente contribuito a far conoscere parte della cultura del nostro paese ovunque nel mondo. La formazione \u00e8 una all star di musicisti italiani : <strong>Rosario Giuliani<\/strong> al sax, <strong>Luciano Biondini<\/strong> alla fisarmonica, <strong>Enzo Pietropaoli<\/strong> al contrabbasso e l&#8217;eclettico\u00a0<strong>Michele Rabbia<\/strong> alle percussioni, batteria ed elettronica.<\/p>\n<p><strong>29 Dicembre<\/strong>, ore 12:00 Museo Emilio Greco<br \/> <strong>30 Dicembre<\/strong>, ore 12:00\u00a0Museo Emilio Greco<br \/> <strong>31 Dicembre<\/strong>, ore 12:00\u00a0Museo Emilio Greco<br \/> <strong>01 Gennaio<\/strong>, ore 12:00\u00a0Museo Emilio Greco<\/p>\n<p>\u00a0<\/p>\n<ul>\n<li><strong>&#8220;MARE NOSTRUM&#8221;<\/strong><\/li>\n<\/ul>\n<p>Il trombettista sardo <strong>Paolo Fresu<\/strong>, il fisarmonicista francese <strong>Richard Galliano<\/strong> ed il pianista svedese <strong>Jan Lundgren<\/strong>, pur senza mai dimenticare le rispettive radici, offrono allo spettatore di tuffarsi in un mare grande come il Mediterraneo dove si affacciano culture, genti, identit\u00e0 diverse ma destinate all&#8217;incontro, non alla disgiunzione.<\/p>\n<p><strong>28 Dicembre<\/strong>, ore 21:00 Teatro Mancinelli<br \/> <strong>29 Dicembre<\/strong>, ore 19:00 Palazzo del Popolo<br \/> <strong>30 Dicembre<\/strong>, ore 16:00 Palazzo del Popolo<br \/> <strong>31 Dicembre<\/strong>, ore 19:00 Palazzo del Popolo<\/p>\n<p>\u00a0<\/p>\n<ul>\n<li><strong>&#8220;THE BIG EASY TRIO&#8221;<\/strong><\/li>\n<\/ul>\n<p>Interessante trio nato dall&#8217;incontro artistico tra la voce di <strong>Karima,<\/strong> il trombonista <strong>Mauro Ottolini<\/strong> e il pianoforte di <strong>Oscar Marchioni.<\/strong> Un progetto dedicato alla musica blues e R&#038;B, fino a ripercorrere le tappe del Jazz dalle origini ad oggi.<\/p>\n<p><strong>31 Dicembre<\/strong>, ore 12:00 Palazzo del Popolo, Sala Expo<br \/> <strong>31 Dicembre<\/strong>, ore 23:15 Palazzo del Popolo, Sala Expo<\/p>\n<p>\u00a0<\/p>\n<ul>\n<li><strong>&#8220;NEW DIRECTION TENNESSEE STATE GOSPEL CHOIR&#8221;<\/strong><\/li>\n<\/ul>\n<p>Dopo il prestigioso primo premio al National Choir Explosion in Louisville (Kentucky) nel 2015, il coro gospel della Tennessee State University sbarca a Orvieto per regalare un momento musicale unico. Gospel contemporaneo e tradizionale, spiritual, inni in stile classico per questa formazione di giovani musicisti e solisti di altissimi livello fondata nel 1997 da Travis Bryan e diretto oggi da Justin Butler.<\/p>\n<p><strong>30 Dicembre<\/strong>, ore 22:30 Teatro Mancinelli<br \/> <strong>1\u00b0 Gennaio<\/strong>, ore 01:00 Teatro Mancinelli<br \/> <strong>1\u00b0 Gennaio<\/strong>, ore 17:00 Duomo di Orvieto, Messa della Pace &#038; Gospel<\/p>\n<p style=\"text-align: center;\"><a href=\"http:\/\/www.bellaumbria.net\/it\/eventi\/umbria-jazz-winter-2016\/attachment\/umbria-jazz-winter-duomo-gospel\/\" rel=\"attachment wp-att-72788\"><img decoding=\"async\" loading=\"lazy\" class=\"aligncenter size-full wp-image-72788\" title=\"umbria jazz winter duomo gospel\" src=\"http:\/\/www.bellaumbria.net\/wp-content\/uploads\/2015\/12\/umbria-jazz-winter-duomo-gospel.png\" alt=\"\" width=\"590\" height=\"324\" \/><\/a><\/p>\n<p style=\"text-align: center;\"><a href=\"http:\/\/www.bellaumbria.net\/it\/agriturismi\/orvieto-e-dintorni\/\" target=\"_blank\" rel=\"noopener\">\u00a0>> Vivi l&#8217;esperienza di Umbria Jazz Winter in uno dei migliori agriturismi di Orvieto e dintorni<\/a><\/p>\n<p>\u00a0<\/p>\n<h2><span style=\"color: #005700;\">Umbria Jazz Winter #26 per un Capodanno in musica<\/span><\/h2>\n<p>Il Festival \u00e8 molto di pi\u00f9, con tantissimi eventi che fanno di <strong>Orvieto una location unica dove trascorrere le festivit\u00e0 natalizie ed il Capodanno.<\/strong><\/p>\n<p>La musica inoltre spazia tra generi e sonorit\u00e0 diverse, Umbria Jazz propone infatti una visione aperta della musica, per tutti i gusti, purch\u00e9 di qualit\u00e0. Oltre ai concerti gi\u00e0 suggeriti, si segnano anche il concerto delle 21:00 al <strong>Bistrot &#8220;Il Malandrino&#8221;<\/strong> con\u00a0\u00a0<strong>&#8220;The Hose Quintet&#8221;<\/strong> (Piero Odorici, Daniele Scannapieco, Andrea Pozza, Aldo Zunino ed Anthony Pinciotti) ed il gran concerto con inizio alle 22:00 al <strong>Palazzo dei Sette<\/strong>, e che vedr\u00e0 alternarsi <strong>&#8220;Claudio JR De Rosa Quartet&#8221;<\/strong>, <strong>&#8220;Nick The nightfly quintet&#8221;<\/strong> e <strong>&#8220;Filippo Bianchini Quintet&#8221;<\/strong>.<\/p>\n<p>Per scoprire il programma dettagliato, visita il <a href=\"http:\/\/www.umbriajazz.com\" target=\"_blank\" rel=\"noopener\">sito ufficiale di Umbria Jazz Winter<\/a>\u00a0o <strong>scarica l&#8217;allegato qui sotto!<\/strong><\/p>\n<p>\u00a0<\/p>\n<\/div>\n<div style=\"display:none\">\n<p>To introduce a new year dedicated to the music, come to celebrate 2019 with <strong>Umbria Jazz Winter,<\/strong> in the magnificent scenery of <strong>Orvieto<\/strong>. A program with\u00a0an even richer and more quality program, including news and great returns.<\/p>\n<p>Do not miss this appointment with the jazz music in Winter version, enjoy its events and concerts in the Umbrian city of Orvieto from the <strong>28th December 2018 to the 1st January 2019<\/strong>.<\/p>\n<p><a href=\"http:\/\/www.bellaumbria.net\/it\/eventi\/umbria-jazz-winter\/attachment\/umbria-jazz-winter-26\/\" rel=\"attachment wp-att-78979\"><img decoding=\"async\" loading=\"lazy\" class=\"aligncenter\" title=\"Umbria Jazz Winter #26\" src=\"http:\/\/www.bellaumbria.net\/wp-content\/uploads\/2015\/12\/Umbria-Jazz-Winter-26.png\" alt=\"\" width=\"590\" height=\"324\" \/><\/a><\/p>\n<p style=\"text-align: center;\"><a href=\"http:\/\/www.bellaumbria.net\/en\/accommodations\/orvieto\/\" target=\"_blank\" rel=\"noopener\">>> Discover Umbria Jazz Winter and spend some days in one of the best hotels or farmhouses in Orvieto<\/a><\/p>\n<p>\u00a0<\/p>\n<h2><span style=\"color: #008000;\">Umbria Jazz Winter #26<\/span><\/h2>\n<p>As the tradition, <strong>Umbria Jazz Winter<\/strong> has been coming with the New Year in Orvieto since 1993, year of the first edition. During the <strong>5 days of the event<\/strong>, the city will be full of initiatives, with many musicians and a unique mix of genres: from jazz to blues, from gospel to soul.<\/p>\n<p>The festival is proposing to the guest many events in all its historic center, and of course in its most <strong>important and suggestive locations<\/strong> as <em>Teatro Mancinelli, Palazzo del Popolo, Palazzo dei Sette, Emilio Greco Museum, the Cathedral and the historic centre of Orvieto.<\/em><\/p>\n<p style=\"text-align: center;\"><a href=\"http:\/\/www.bellaumbria.net\/it\/eventi\/umbria-jazz-winter-2016\/attachment\/umbriajazz_558\/\" rel=\"attachment wp-att-69271\"><img decoding=\"async\" loading=\"lazy\" class=\"size-full wp-image-69271 aligncenter\" title=\"umbriajazz_558\" src=\"http:\/\/www.bellaumbria.net\/wp-content\/uploads\/2015\/12\/umbriajazz_558.jpg\" alt=\"\" width=\"500\" height=\"253\" \/><\/a><\/p>\n<p style=\"text-align: center;\"><a href=\"http:\/\/www.bellaumbria.net\/en\/special-offers\/\" target=\"_blank\" rel=\"noopener\">>> There are many offers in Umbria, click here to look at them<\/a><\/p>\n<p>\u00a0<\/p>\n<h2><span style=\"color: #005700;\">The most interesting events of Umbria Jazz Winter\u00a0#26<\/span><\/h2>\n<ul>\n<li>\n<p id=\"ctl00_cphBody_mcsElencoEventi_rptItems_ctl05_lnkItemTitle\"><strong>&#8220;LA DOLCE VITA&#8221;<\/strong><\/p>\n<\/li>\n<\/ul>\n<div>\n<p>Enrico Rava, Roberto Gatto and Danilo Rea together on stage with the double bass player and composer Giovanni Tommaso to celebrate his sixty year career. A show that traces its artistic experience in a festive dimension, bringing back to the stage a group of great artists and even before friends, as well as re-proposing the songs of one of the most famous and dances Italian records.<\/p>\n<\/div>\n<p><strong>28th December<\/strong>, at 9:00 pm Teatro Mancinelli<br \/> <strong>29th December<\/strong>, at 4:00 pm Palazzo del Popolo<br \/> <strong>30th December<\/strong>, at 7:00 pm Palazzo del Popolo<\/p>\n<p>\u00a0<\/p>\n<ul>\n<li><strong>&#8220;CINEMA ITALIA&#8221;<\/strong><\/li>\n<\/ul>\n<p style=\"text-align: left;\">A heartfelt tribute to Italian cinema, which has certainly helped to make known part of the culture of our country throughout the world. The group on stage is an all star of Italian musicians: <strong>Rosario Giuliani<\/strong> on sax, <strong>Luciano Biondini<\/strong> on accordion, <strong>Enzo Pietropaoli<\/strong> on double bass and the eclectic <strong>Michele Rabbia<\/strong> on percussion, drums and electronics.<\/p>\n<p><strong>29th December<\/strong>, at 12:00 Emilio Greco Museum<br \/> <strong>30th December<\/strong>, at 12:00 Emilio Greco Museum<br \/> <strong>31th December<\/strong>, at 12:00 Emilio Greco Museum<br \/> <strong>1st January<\/strong>, at 12:00 Emilio Greco Museum<\/p>\n<p>\u00a0<\/p>\n<ul>\n<li><strong>&#8220;MARE NOSTRUM&#8221;<\/strong><\/li>\n<\/ul>\n<p>The Sardinian trumpeter <strong>Paolo Fresu<\/strong>, the French accordionist <strong>Richard Galliano<\/strong> and the Swedish pianist <strong>Jan Lundgren<\/strong>, while never forgetting their respective roots, offer the public to dive itself into a sea as large as the Mediterranean, where cultures, peoples and different identities are destined for the meeting, not disjunction.<\/p>\n<p><strong>28th December<\/strong>, at 9:00 pm Teatro Mancinelli<br \/> <strong>29th December<\/strong>, at 7:00 pm Palazzo del Popolo<br \/> <strong>30th December<\/strong>, at 4:00 pm Palazzo del Popolo<br \/> <strong>31th December<\/strong>, at 7:00 pm Palazzo del Popolo<\/p>\n<p>\u00a0<\/p>\n<ul>\n<li><strong>&#8220;THE BIG EASY TRIO&#8221;<\/strong><\/li>\n<\/ul>\n<p>Interesting trio born from the artistic encounter between the voice of <strong>Karima<\/strong>, the trombonist <strong>Mauro Ottolini<\/strong> and the piano by <strong>Oscar Marchioni<\/strong>. A project dedicated to blues and R &#038; B music, to retrace the stages of Jazz from its origins to today.<\/p>\n<p><strong>31 December<\/strong>, at 12:00 pm Palazzo del Popolo, Sala Expo<br \/> <strong>31 December<\/strong>, at 11:15 pm Palazzo del Popolo, Sala Expo<\/p>\n<p>\u00a0<\/p>\n<ul>\n<li><strong>&#8220;NEW DIRECTION TENNESSEE STATE GOSPEL CHOIR&#8221;<\/strong><\/li>\n<\/ul>\n<p>After the prestigious first prize at the National Choir Explosion in Louisville (Kentucky) in 2015, the gospel choir of the Tennessee State University lands in Orvieto to give a unique musical moment. Contemporary and traditional gospel, spiritual, classical style hymns for this training of young musicians and soloists of the highest level founded in 1997 by Travis Bryan and directed today by Justin Butler.<\/p>\n<p><strong>30th December<\/strong>, at 10:30 pm Teatro Mancinelli<br \/> <strong>1st January<\/strong>, at 01:00 am Teatro Mancinelli<br \/> <strong>1st January<\/strong>, at 5:00 Cathedral of Orvieto, Mass of Peace &#038; Gospel<\/p>\n<p style=\"text-align: center;\"><a href=\"http:\/\/www.bellaumbria.net\/it\/eventi\/umbria-jazz-winter-2016\/attachment\/umbria-jazz-winter-duomo-gospel\/\" rel=\"attachment wp-att-72788\"><img decoding=\"async\" loading=\"lazy\" class=\"aligncenter size-full wp-image-72788\" title=\"umbria jazz winter duomo gospel\" src=\"http:\/\/www.bellaumbria.net\/wp-content\/uploads\/2015\/12\/umbria-jazz-winter-duomo-gospel.png\" alt=\"\" width=\"590\" height=\"324\" \/><\/a><\/p>\n<p style=\"text-align: center;\"><a href=\"http:\/\/www.bellaumbria.net\/en\/farm-houses\/orvieto-neighborhood\/\" target=\"_blank\" rel=\"noopener\">>> Live the experience of Umbria Jazz Winter in one of the best famhouse of the area of Orvieto<\/a><\/p>\n<p>\u00a0<\/p>\n<h2><span style=\"color: #005700;\">Spend a different New Year&#8217;s Eve in Orvieto with Umbria Jazz #26<\/span><\/h2>\n<p>This Festival will propose many events and <strong>Orvieto will be a unique location to spend your Christmas holidays and the New Year Eve. <\/strong><\/p>\n<p>Music offered is also really various, with different genres and sound richness. Umbria Jazz has in fact an open vision of the music, as long as quality music.<\/p>\n<p>In addition to the concerts already suggested, there is also a concert of 9:00 pm at the Bistrot &#8220;<em>Il Malandrino&#8221;<\/em> with <em>&#8220;The Hose Quintet&#8221;<\/em> (Piero Odorici, Daniele Scannapieco, Andrea Pozza, Aldo Zunino and Anthony Pinciotti) and the grand concert with 10:00 pm at the Palazzo dei Sette, and that will see alternate <em>&#8220;Claudio JR De Rosa Quartet&#8221;<\/em>, <em>&#8220;Nick The nightfly quintet&#8221;<\/em> and <em>&#8220;Filippo Bianchini Quintet&#8221;.<\/em><\/p>\n<p>To discover the details of the program, look at the <a href=\"http:\/\/www.umbriajazz.com\" target=\"_blank\" rel=\"noopener\">official site of Umbria Jazz Winter<\/a><\/p>\n<p>\u00a0<\/p>\n<\/div>\n<div>\n<p>To introduce a new year dedicated to the music, come to celebrate 2019 with <strong>Umbria Jazz Winter,<\/strong> in the magnificent scenery of <strong>Orvieto<\/strong>. A program with\u00a0an even richer and more quality program, including news and great returns.<\/p>\n<p>Do not miss this appointment with the jazz music in Winter version, enjoy its events and concerts in the Umbrian city of Orvieto from the <strong>28th December 2018 to the 1st January 2019<\/strong>.<\/p>\n<p><a href=\"http:\/\/www.bellaumbria.net\/it\/eventi\/umbria-jazz-winter\/attachment\/umbria-jazz-winter-26\/\" rel=\"attachment wp-att-78979\"><img decoding=\"async\" loading=\"lazy\" class=\"aligncenter\" title=\"Umbria Jazz Winter #26\" src=\"http:\/\/www.bellaumbria.net\/wp-content\/uploads\/2015\/12\/Umbria-Jazz-Winter-26.png\" alt=\"\" width=\"590\" height=\"324\" \/><\/a><\/p>\n<p style=\"text-align: center;\"><a href=\"http:\/\/www.bellaumbria.net\/en\/accommodations\/orvieto\/\" target=\"_blank\" rel=\"noopener\">>> Discover Umbria Jazz Winter and spend some days in one of the best hotels or farmhouses in Orvieto<\/a><\/p>\n<p>\u00a0<\/p>\n<h2><span style=\"color: #008000;\">Umbria Jazz Winter #26<\/span><\/h2>\n<p>As the tradition, <strong>Umbria Jazz Winter<\/strong> has been coming with the New Year in Orvieto since 1993, year of the first edition. During the <strong>5 days of the event<\/strong>, the city will be full of initiatives, with many musicians and a unique mix of genres: from jazz to blues, from gospel to soul.<\/p>\n<p>The festival is proposing to the guest many events in all its historic center, and of course in its most <strong>important and suggestive locations<\/strong> as <em>Teatro Mancinelli, Palazzo del Popolo, Palazzo dei Sette, Emilio Greco Museum, the Cathedral and the historic centre of Orvieto.<\/em><\/p>\n<p style=\"text-align: center;\"><a href=\"http:\/\/www.bellaumbria.net\/it\/eventi\/umbria-jazz-winter-2016\/attachment\/umbriajazz_558\/\" rel=\"attachment wp-att-69271\"><img decoding=\"async\" loading=\"lazy\" class=\"size-full wp-image-69271 aligncenter\" title=\"umbriajazz_558\" src=\"http:\/\/www.bellaumbria.net\/wp-content\/uploads\/2015\/12\/umbriajazz_558.jpg\" alt=\"\" width=\"500\" height=\"253\" \/><\/a><\/p>\n<p style=\"text-align: center;\"><a href=\"http:\/\/www.bellaumbria.net\/en\/special-offers\/\" target=\"_blank\" rel=\"noopener\">>> There are many offers in Umbria, click here to look at them<\/a><\/p>\n<p>\u00a0<\/p>\n<h2><span style=\"color: #005700;\">The most interesting events of Umbria Jazz Winter\u00a0#26<\/span><\/h2>\n<ul>\n<li>\n<p id=\"ctl00_cphBody_mcsElencoEventi_rptItems_ctl05_lnkItemTitle\"><strong>&#8220;LA DOLCE VITA&#8221;<\/strong><\/p>\n<\/li>\n<\/ul>\n<div>\n<p>Enrico Rava, Roberto Gatto and Danilo Rea together on stage with the double bass player and composer Giovanni Tommaso to celebrate his sixty year career. A show that traces its artistic experience in a festive dimension, bringing back to the stage a group of great artists and even before friends, as well as re-proposing the songs of one of the most famous and dances Italian records.<\/p>\n<\/div>\n<p><strong>28th December<\/strong>, at 9:00 pm Teatro Mancinelli<br \/> <strong>29th December<\/strong>, at 4:00 pm Palazzo del Popolo<br \/> <strong>30th December<\/strong>, at 7:00 pm Palazzo del Popolo<\/p>\n<p>\u00a0<\/p>\n<ul>\n<li><strong>&#8220;CINEMA ITALIA&#8221;<\/strong><\/li>\n<\/ul>\n<p style=\"text-align: left;\">A heartfelt tribute to Italian cinema, which has certainly helped to make known part of the culture of our country throughout the world. The group on stage is an all star of Italian musicians: <strong>Rosario Giuliani<\/strong> on sax, <strong>Luciano Biondini<\/strong> on accordion, <strong>Enzo Pietropaoli<\/strong> on double bass and the eclectic <strong>Michele Rabbia<\/strong> on percussion, drums and electronics.<\/p>\n<p><strong>29th December<\/strong>, at 12:00 Emilio Greco Museum<br \/> <strong>30th December<\/strong>, at 12:00 Emilio Greco Museum<br \/> <strong>31th December<\/strong>, at 12:00 Emilio Greco Museum<br \/> <strong>1st January<\/strong>, at 12:00 Emilio Greco Museum<\/p>\n<p>\u00a0<\/p>\n<ul>\n<li><strong>&#8220;MARE NOSTRUM&#8221;<\/strong><\/li>\n<\/ul>\n<p>The Sardinian trumpeter <strong>Paolo Fresu<\/strong>, the French accordionist <strong>Richard Galliano<\/strong> and the Swedish pianist <strong>Jan Lundgren<\/strong>, while never forgetting their respective roots, offer the public to dive itself into a sea as large as the Mediterranean, where cultures, peoples and different identities are destined for the meeting, not disjunction.<\/p>\n<p><strong>28th December<\/strong>, at 9:00 pm Teatro Mancinelli<br \/> <strong>29th December<\/strong>, at 7:00 pm Palazzo del Popolo<br \/> <strong>30th December<\/strong>, at 4:00 pm Palazzo del Popolo<br \/> <strong>31th December<\/strong>, at 7:00 pm Palazzo del Popolo<\/p>\n<p>\u00a0<\/p>\n<ul>\n<li><strong>&#8220;THE BIG EASY TRIO&#8221;<\/strong><\/li>\n<\/ul>\n<p>Interesting trio born from the artistic encounter between the voice of <strong>Karima<\/strong>, the trombonist <strong>Mauro Ottolini<\/strong> and the piano by <strong>Oscar Marchioni<\/strong>. A project dedicated to blues and R &#038; B music, to retrace the stages of Jazz from its origins to today.<\/p>\n<p><strong>31 December<\/strong>, at 12:00 pm Palazzo del Popolo, Sala Expo<br \/> <strong>31 December<\/strong>, at 11:15 pm Palazzo del Popolo, Sala Expo<\/p>\n<p>\u00a0<\/p>\n<ul>\n<li><strong>&#8220;NEW DIRECTION TENNESSEE STATE GOSPEL CHOIR&#8221;<\/strong><\/li>\n<\/ul>\n<p>After the prestigious first prize at the National Choir Explosion in Louisville (Kentucky) in 2015, the gospel choir of the Tennessee State University lands in Orvieto to give a unique musical moment. Contemporary and traditional gospel, spiritual, classical style hymns for this training of young musicians and soloists of the highest level founded in 1997 by Travis Bryan and directed today by Justin Butler.<\/p>\n<p><strong>30th December<\/strong>, at 10:30 pm Teatro Mancinelli<br \/> <strong>1st January<\/strong>, at 01:00 am Teatro Mancinelli<br \/> <strong>1st January<\/strong>, at 5:00 Cathedral of Orvieto, Mass of Peace &#038; Gospel<\/p>\n<p style=\"text-align: center;\"><a href=\"http:\/\/www.bellaumbria.net\/it\/eventi\/umbria-jazz-winter-2016\/attachment\/umbria-jazz-winter-duomo-gospel\/\" rel=\"attachment wp-att-72788\"><img decoding=\"async\" loading=\"lazy\" class=\"aligncenter size-full wp-image-72788\" title=\"umbria jazz winter duomo gospel\" src=\"http:\/\/www.bellaumbria.net\/wp-content\/uploads\/2015\/12\/umbria-jazz-winter-duomo-gospel.png\" alt=\"\" width=\"590\" height=\"324\" \/><\/a><\/p>\n<p style=\"text-align: center;\"><a href=\"http:\/\/www.bellaumbria.net\/en\/farm-houses\/orvieto-neighborhood\/\" target=\"_blank\" rel=\"noopener\">>> Live the experience of Umbria Jazz Winter in one of the best famhouse of the area of Orvieto<\/a><\/p>\n<p>\u00a0<\/p>\n<h2><span style=\"color: #005700;\">Spend a different New Year&#8217;s Eve in Orvieto with Umbria Jazz #26<\/span><\/h2>\n<p>This Festival will propose many events and <strong>Orvieto will be a unique location to spend your Christmas holidays and the New Year Eve. <\/strong><\/p>\n<p>Music offered is also really various, with different genres and sound richness. Umbria Jazz has in fact an open vision of the music, as long as quality music.<\/p>\n<p>In addition to the concerts already suggested, there is also a concert of 9:00 pm at the Bistrot &#8220;<em>Il Malandrino&#8221;<\/em> with <em>&#8220;The Hose Quintet&#8221;<\/em> (Piero Odorici, Daniele Scannapieco, Andrea Pozza, Aldo Zunino and Anthony Pinciotti) and the grand concert with 10:00 pm at the Palazzo dei Sette, and that will see alternate <em>&#8220;Claudio JR De Rosa Quartet&#8221;<\/em>, <em>&#8220;Nick The nightfly quintet&#8221;<\/em> and <em>&#8220;Filippo Bianchini Quintet&#8221;.<\/em><\/p>\n<p>To discover the details of the program, look at the <a href=\"http:\/\/www.umbriajazz.com\" target=\"_blank\" rel=\"noopener\">official site of Umbria Jazz Winter<\/a><\/p>\n<p>\u00a0<\/p>\n<\/div>\n<div style=\"display:none\">\n<p>To introduce a new year dedicated to the music, come to celebrate 2019 with <strong>Umbria Jazz Winter,<\/strong> in the magnificent scenery of <strong>Orvieto<\/strong>. A program with\u00a0an even richer and more quality program, including news and great returns.<\/p>\n<p>Do not miss this appointment with the jazz music in Winter version, enjoy its events and concerts in the Umbrian city of Orvieto from the <strong>28th December 2018 to the 1st January 2019<\/strong>.<\/p>\n<p><a href=\"http:\/\/www.bellaumbria.net\/it\/eventi\/umbria-jazz-winter\/attachment\/umbria-jazz-winter-26\/\" rel=\"attachment wp-att-78979\"><img decoding=\"async\" loading=\"lazy\" class=\"aligncenter\" title=\"Umbria Jazz Winter #26\" src=\"http:\/\/www.bellaumbria.net\/wp-content\/uploads\/2015\/12\/Umbria-Jazz-Winter-26.png\" alt=\"\" width=\"590\" height=\"324\" \/><\/a><\/p>\n<p style=\"text-align: center;\"><a href=\"http:\/\/www.bellaumbria.net\/en\/accommodations\/orvieto\/\" target=\"_blank\" rel=\"noopener\">>> Discover Umbria Jazz Winter and spend some days in one of the best hotels or farmhouses in Orvieto<\/a><\/p>\n<p>\u00a0<\/p>\n<h2><span style=\"color: #008000;\">Umbria Jazz Winter #26<\/span><\/h2>\n<p>As the tradition, <strong>Umbria Jazz Winter<\/strong> has been coming with the New Year in Orvieto since 1993, year of the first edition. During the <strong>5 days of the event<\/strong>, the city will be full of initiatives, with many musicians and a unique mix of genres: from jazz to blues, from gospel to soul.<\/p>\n<p>The festival is proposing to the guest many events in all its historic center, and of course in its most <strong>important and suggestive locations<\/strong> as <em>Teatro Mancinelli, Palazzo del Popolo, Palazzo dei Sette, Emilio Greco Museum, the Cathedral and the historic centre of Orvieto.<\/em><\/p>\n<p style=\"text-align: center;\"><a href=\"http:\/\/www.bellaumbria.net\/it\/eventi\/umbria-jazz-winter-2016\/attachment\/umbriajazz_558\/\" rel=\"attachment wp-att-69271\"><img decoding=\"async\" loading=\"lazy\" class=\"size-full wp-image-69271 aligncenter\" title=\"umbriajazz_558\" src=\"http:\/\/www.bellaumbria.net\/wp-content\/uploads\/2015\/12\/umbriajazz_558.jpg\" alt=\"\" width=\"500\" height=\"253\" \/><\/a><\/p>\n<p style=\"text-align: center;\"><a href=\"http:\/\/www.bellaumbria.net\/en\/special-offers\/\" target=\"_blank\" rel=\"noopener\">>> There are many offers in Umbria, click here to look at them<\/a><\/p>\n<p>\u00a0<\/p>\n<h2><span style=\"color: #005700;\">The most interesting events of Umbria Jazz Winter\u00a0#26<\/span><\/h2>\n<ul>\n<li>\n<p id=\"ctl00_cphBody_mcsElencoEventi_rptItems_ctl05_lnkItemTitle\"><strong>&#8220;LA DOLCE VITA&#8221;<\/strong><\/p>\n<\/li>\n<\/ul>\n<div>\n<p>Enrico Rava, Roberto Gatto and Danilo Rea together on stage with the double bass player and composer Giovanni Tommaso to celebrate his sixty year career. A show that traces its artistic experience in a festive dimension, bringing back to the stage a group of great artists and even before friends, as well as re-proposing the songs of one of the most famous and dances Italian records.<\/p>\n<\/div>\n<p><strong>28th December<\/strong>, at 9:00 pm Teatro Mancinelli<br \/> <strong>29th December<\/strong>, at 4:00 pm Palazzo del Popolo<br \/> <strong>30th December<\/strong>, at 7:00 pm Palazzo del Popolo<\/p>\n<p>\u00a0<\/p>\n<ul>\n<li><strong>&#8220;CINEMA ITALIA&#8221;<\/strong><\/li>\n<\/ul>\n<p style=\"text-align: left;\">A heartfelt tribute to Italian cinema, which has certainly helped to make known part of the culture of our country throughout the world. The group on stage is an all star of Italian musicians: <strong>Rosario Giuliani<\/strong> on sax, <strong>Luciano Biondini<\/strong> on accordion, <strong>Enzo Pietropaoli<\/strong> on double bass and the eclectic <strong>Michele Rabbia<\/strong> on percussion, drums and electronics.<\/p>\n<p><strong>29th December<\/strong>, at 12:00 Emilio Greco Museum<br \/> <strong>30th December<\/strong>, at 12:00 Emilio Greco Museum<br \/> <strong>31th December<\/strong>, at 12:00 Emilio Greco Museum<br \/> <strong>1st January<\/strong>, at 12:00 Emilio Greco Museum<\/p>\n<p>\u00a0<\/p>\n<ul>\n<li><strong>&#8220;MARE NOSTRUM&#8221;<\/strong><\/li>\n<\/ul>\n<p>The Sardinian trumpeter <strong>Paolo Fresu<\/strong>, the French accordionist <strong>Richard Galliano<\/strong> and the Swedish pianist <strong>Jan Lundgren<\/strong>, while never forgetting their respective roots, offer the public to dive itself into a sea as large as the Mediterranean, where cultures, peoples and different identities are destined for the meeting, not disjunction.<\/p>\n<p><strong>28th December<\/strong>, at 9:00 pm Teatro Mancinelli<br \/> <strong>29th December<\/strong>, at 7:00 pm Palazzo del Popolo<br \/> <strong>30th December<\/strong>, at 4:00 pm Palazzo del Popolo<br \/> <strong>31th December<\/strong>, at 7:00 pm Palazzo del Popolo<\/p>\n<p>\u00a0<\/p>\n<ul>\n<li><strong>&#8220;THE BIG EASY TRIO&#8221;<\/strong><\/li>\n<\/ul>\n<p>Interesting trio born from the artistic encounter between the voice of <strong>Karima<\/strong>, the trombonist <strong>Mauro Ottolini<\/strong> and the piano by <strong>Oscar Marchioni<\/strong>. A project dedicated to blues and R &#038; B music, to retrace the stages of Jazz from its origins to today.<\/p>\n<p><strong>31 December<\/strong>, at 12:00 pm Palazzo del Popolo, Sala Expo<br \/> <strong>31 December<\/strong>, at 11:15 pm Palazzo del Popolo, Sala Expo<\/p>\n<p>\u00a0<\/p>\n<ul>\n<li><strong>&#8220;NEW DIRECTION TENNESSEE STATE GOSPEL CHOIR&#8221;<\/strong><\/li>\n<\/ul>\n<p>After the prestigious first prize at the National Choir Explosion in Louisville (Kentucky) in 2015, the gospel choir of the Tennessee State University lands in Orvieto to give a unique musical moment. Contemporary and traditional gospel, spiritual, classical style hymns for this training of young musicians and soloists of the highest level founded in 1997 by Travis Bryan and directed today by Justin Butler.<\/p>\n<p><strong>30th December<\/strong>, at 10:30 pm Teatro Mancinelli<br \/> <strong>1st January<\/strong>, at 01:00 am Teatro Mancinelli<br \/> <strong>1st January<\/strong>, at 5:00 Cathedral of Orvieto, Mass of Peace &#038; Gospel<\/p>\n<p style=\"text-align: center;\"><a href=\"http:\/\/www.bellaumbria.net\/it\/eventi\/umbria-jazz-winter-2016\/attachment\/umbria-jazz-winter-duomo-gospel\/\" rel=\"attachment wp-att-72788\"><img decoding=\"async\" loading=\"lazy\" class=\"aligncenter size-full wp-image-72788\" title=\"umbria jazz winter duomo gospel\" src=\"http:\/\/www.bellaumbria.net\/wp-content\/uploads\/2015\/12\/umbria-jazz-winter-duomo-gospel.png\" alt=\"\" width=\"590\" height=\"324\" \/><\/a><\/p>\n<p style=\"text-align: center;\"><a href=\"http:\/\/www.bellaumbria.net\/en\/farm-houses\/orvieto-neighborhood\/\" target=\"_blank\" rel=\"noopener\">>> Live the experience of Umbria Jazz Winter in one of the best famhouse of the area of Orvieto<\/a><\/p>\n<p>\u00a0<\/p>\n<h2><span style=\"color: #005700;\">Spend a different New Year&#8217;s Eve in Orvieto with Umbria Jazz #26<\/span><\/h2>\n<p>This Festival will propose many events and <strong>Orvieto will be a unique location to spend your Christmas holidays and the New Year Eve. <\/strong><\/p>\n<p>Music offered is also really various, with different genres and sound richness. Umbria Jazz has in fact an open vision of the music, as long as quality music.<\/p>\n<p>In addition to the concerts already suggested, there is also a concert of 9:00 pm at the Bistrot &#8220;<em>Il Malandrino&#8221;<\/em> with <em>&#8220;The Hose Quintet&#8221;<\/em> (Piero Odorici, Daniele Scannapieco, Andrea Pozza, Aldo Zunino and Anthony Pinciotti) and the grand concert with 10:00 pm at the Palazzo dei Sette, and that will see alternate <em>&#8220;Claudio JR De Rosa Quartet&#8221;<\/em>, <em>&#8220;Nick The nightfly quintet&#8221;<\/em> and <em>&#8220;Filippo Bianchini Quintet&#8221;.<\/em><\/p>\n<p>To discover the details of the program, look at the <a href=\"http:\/\/www.umbriajazz.com\" target=\"_blank\" rel=\"noopener\">official site of Umbria Jazz Winter<\/a><\/p>\n<p>\u00a0<\/p>\n<\/div>\n<div style=\"display:none\">\n<p>To introduce a new year dedicated to the music, come to celebrate 2019 with <strong>Umbria Jazz Winter,<\/strong> in the magnificent scenery of <strong>Orvieto<\/strong>. A program with\u00a0an even richer and more quality program, including news and great returns.<\/p>\n<p>Do not miss this appointment with the jazz music in Winter version, enjoy its events and concerts in the Umbrian city of Orvieto from the <strong>28th December 2018 to the 1st January 2019<\/strong>.<\/p>\n<p><a href=\"http:\/\/www.bellaumbria.net\/it\/eventi\/umbria-jazz-winter\/attachment\/umbria-jazz-winter-26\/\" rel=\"attachment wp-att-78979\"><img decoding=\"async\" loading=\"lazy\" class=\"aligncenter\" title=\"Umbria Jazz Winter #26\" src=\"http:\/\/www.bellaumbria.net\/wp-content\/uploads\/2015\/12\/Umbria-Jazz-Winter-26.png\" alt=\"\" width=\"590\" height=\"324\" \/><\/a><\/p>\n<p style=\"text-align: center;\"><a href=\"http:\/\/www.bellaumbria.net\/en\/accommodations\/orvieto\/\" target=\"_blank\" rel=\"noopener\">>> Discover Umbria Jazz Winter and spend some days in one of the best hotels or farmhouses in Orvieto<\/a><\/p>\n<p>\u00a0<\/p>\n<h2><span style=\"color: #008000;\">Umbria Jazz Winter #26<\/span><\/h2>\n<p>As the tradition, <strong>Umbria Jazz Winter<\/strong> has been coming with the New Year in Orvieto since 1993, year of the first edition. During the <strong>5 days of the event<\/strong>, the city will be full of initiatives, with many musicians and a unique mix of genres: from jazz to blues, from gospel to soul.<\/p>\n<p>The festival is proposing to the guest many events in all its historic center, and of course in its most <strong>important and suggestive locations<\/strong> as <em>Teatro Mancinelli, Palazzo del Popolo, Palazzo dei Sette, Emilio Greco Museum, the Cathedral and the historic centre of Orvieto.<\/em><\/p>\n<p style=\"text-align: center;\"><a href=\"http:\/\/www.bellaumbria.net\/it\/eventi\/umbria-jazz-winter-2016\/attachment\/umbriajazz_558\/\" rel=\"attachment wp-att-69271\"><img decoding=\"async\" loading=\"lazy\" class=\"size-full wp-image-69271 aligncenter\" title=\"umbriajazz_558\" src=\"http:\/\/www.bellaumbria.net\/wp-content\/uploads\/2015\/12\/umbriajazz_558.jpg\" alt=\"\" width=\"500\" height=\"253\" \/><\/a><\/p>\n<p style=\"text-align: center;\"><a href=\"http:\/\/www.bellaumbria.net\/en\/special-offers\/\" target=\"_blank\" rel=\"noopener\">>> There are many offers in Umbria, click here to look at them<\/a><\/p>\n<p>\u00a0<\/p>\n<h2><span style=\"color: #005700;\">The most interesting events of Umbria Jazz Winter\u00a0#26<\/span><\/h2>\n<ul>\n<li>\n<p id=\"ctl00_cphBody_mcsElencoEventi_rptItems_ctl05_lnkItemTitle\"><strong>&#8220;LA DOLCE VITA&#8221;<\/strong><\/p>\n<\/li>\n<\/ul>\n<div>\n<p>Enrico Rava, Roberto Gatto and Danilo Rea together on stage with the double bass player and composer Giovanni Tommaso to celebrate his sixty year career. A show that traces its artistic experience in a festive dimension, bringing back to the stage a group of great artists and even before friends, as well as re-proposing the songs of one of the most famous and dances Italian records.<\/p>\n<\/div>\n<p><strong>28th December<\/strong>, at 9:00 pm Teatro Mancinelli<br \/> <strong>29th December<\/strong>, at 4:00 pm Palazzo del Popolo<br \/> <strong>30th December<\/strong>, at 7:00 pm Palazzo del Popolo<\/p>\n<p>\u00a0<\/p>\n<ul>\n<li><strong>&#8220;CINEMA ITALIA&#8221;<\/strong><\/li>\n<\/ul>\n<p style=\"text-align: left;\">A heartfelt tribute to Italian cinema, which has certainly helped to make known part of the culture of our country throughout the world. The group on stage is an all star of Italian musicians: <strong>Rosario Giuliani<\/strong> on sax, <strong>Luciano Biondini<\/strong> on accordion, <strong>Enzo Pietropaoli<\/strong> on double bass and the eclectic <strong>Michele Rabbia<\/strong> on percussion, drums and electronics.<\/p>\n<p><strong>29th December<\/strong>, at 12:00 Emilio Greco Museum<br \/> <strong>30th December<\/strong>, at 12:00 Emilio Greco Museum<br \/> <strong>31th December<\/strong>, at 12:00 Emilio Greco Museum<br \/> <strong>1st January<\/strong>, at 12:00 Emilio Greco Museum<\/p>\n<p>\u00a0<\/p>\n<ul>\n<li><strong>&#8220;MARE NOSTRUM&#8221;<\/strong><\/li>\n<\/ul>\n<p>The Sardinian trumpeter <strong>Paolo Fresu<\/strong>, the French accordionist <strong>Richard Galliano<\/strong> and the Swedish pianist <strong>Jan Lundgren<\/strong>, while never forgetting their respective roots, offer the public to dive itself into a sea as large as the Mediterranean, where cultures, peoples and different identities are destined for the meeting, not disjunction.<\/p>\n<p><strong>28th December<\/strong>, at 9:00 pm Teatro Mancinelli<br \/> <strong>29th December<\/strong>, at 7:00 pm Palazzo del Popolo<br \/> <strong>30th December<\/strong>, at 4:00 pm Palazzo del Popolo<br \/> <strong>31th December<\/strong>, at 7:00 pm Palazzo del Popolo<\/p>\n<p>\u00a0<\/p>\n<ul>\n<li><strong>&#8220;THE BIG EASY TRIO&#8221;<\/strong><\/li>\n<\/ul>\n<p>Interesting trio born from the artistic encounter between the voice of <strong>Karima<\/strong>, the trombonist <strong>Mauro Ottolini<\/strong> and the piano by <strong>Oscar Marchioni<\/strong>. A project dedicated to blues and R &#038; B music, to retrace the stages of Jazz from its origins to today.<\/p>\n<p><strong>31 December<\/strong>, at 12:00 pm Palazzo del Popolo, Sala Expo<br \/> <strong>31 December<\/strong>, at 11:15 pm Palazzo del Popolo, Sala Expo<\/p>\n<p>\u00a0<\/p>\n<ul>\n<li><strong>&#8220;NEW DIRECTION TENNESSEE STATE GOSPEL CHOIR&#8221;<\/strong><\/li>\n<\/ul>\n<p>After the prestigious first prize at the National Choir Explosion in Louisville (Kentucky) in 2015, the gospel choir of the Tennessee State University lands in Orvieto to give a unique musical moment. Contemporary and traditional gospel, spiritual, classical style hymns for this training of young musicians and soloists of the highest level founded in 1997 by Travis Bryan and directed today by Justin Butler.<\/p>\n<p><strong>30th December<\/strong>, at 10:30 pm Teatro Mancinelli<br \/> <strong>1st January<\/strong>, at 01:00 am Teatro Mancinelli<br \/> <strong>1st January<\/strong>, at 5:00 Cathedral of Orvieto, Mass of Peace &#038; Gospel<\/p>\n<p style=\"text-align: center;\"><a href=\"http:\/\/www.bellaumbria.net\/it\/eventi\/umbria-jazz-winter-2016\/attachment\/umbria-jazz-winter-duomo-gospel\/\" rel=\"attachment wp-att-72788\"><img decoding=\"async\" loading=\"lazy\" class=\"aligncenter size-full wp-image-72788\" title=\"umbria jazz winter duomo gospel\" src=\"http:\/\/www.bellaumbria.net\/wp-content\/uploads\/2015\/12\/umbria-jazz-winter-duomo-gospel.png\" alt=\"\" width=\"590\" height=\"324\" \/><\/a><\/p>\n<p style=\"text-align: center;\"><a href=\"http:\/\/www.bellaumbria.net\/en\/farm-houses\/orvieto-neighborhood\/\" target=\"_blank\" rel=\"noopener\">>> Live the experience of Umbria Jazz Winter in one of the best famhouse of the area of Orvieto<\/a><\/p>\n<p>\u00a0<\/p>\n<h2><span style=\"color: #005700;\">Spend a different New Year&#8217;s Eve in Orvieto with Umbria Jazz #26<\/span><\/h2>\n<p>This Festival will propose many events and <strong>Orvieto will be a unique location to spend your Christmas holidays and the New Year Eve. <\/strong><\/p>\n<p>Music offered is also really various, with different genres and sound richness. Umbria Jazz has in fact an open vision of the music, as long as quality music.<\/p>\n<p>In addition to the concerts already suggested, there is also a concert of 9:00 pm at the Bistrot &#8220;<em>Il Malandrino&#8221;<\/em> with <em>&#8220;The Hose Quintet&#8221;<\/em> (Piero Odorici, Daniele Scannapieco, Andrea Pozza, Aldo Zunino and Anthony Pinciotti) and the grand concert with 10:00 pm at the Palazzo dei Sette, and that will see alternate <em>&#8220;Claudio JR De Rosa Quartet&#8221;<\/em>, <em>&#8220;Nick The nightfly quintet&#8221;<\/em> and <em>&#8220;Filippo Bianchini Quintet&#8221;.<\/em><\/p>\n<p>To discover the details of the program, look at the <a href=\"http:\/\/www.umbriajazz.com\" target=\"_blank\" rel=\"noopener\">official site of Umbria Jazz Winter<\/a><\/p>\n<p>\u00a0<\/p>\n<\/div>\n","protected":false},"excerpt":{"rendered":"Umbria Jazz Winter celebra quest'anno la sua 26esima edizione con un programma ancora pi\u00f9 ricco e di qualit\u00e0, tra novit\u00e0 e grandi ritorni. Partecipa a questo anniversario e inaugurare il [...]","protected":false},"author":1,"featured_media":78980,"comment_status":"open","ping_status":"closed","sticky":false,"template":"","format":"standard","meta":[],"categories":[621],"tags":[],"tema_struttura_attivita":[],"target_struttura_attivita":[],"yoast_head":"<!-- This site is optimized with the Yoast SEO plugin v20.6 - https:\/\/yoast.com\/wordpress\/plugins\/seo\/ -->\n<title>Umbria Jazz Winter | Bella Umbria<\/title>\n<meta name=\"robots\" content=\"index, follow, max-snippet:-1, max-image-preview:large, max-video-preview:-1\" \/>\n<link rel=\"canonical\" href=\"https:\/\/www.bellaumbria.net\/en\/umbria-jazz-winter-3\/\" \/>\n<meta property=\"og:locale\" content=\"en_US\" \/>\n<meta property=\"og:type\" content=\"article\" \/>\n<meta property=\"og:title\" content=\"Umbria Jazz Winter | Bella Umbria\" \/>\n<meta property=\"og:url\" content=\"https:\/\/www.bellaumbria.net\/en\/umbria-jazz-winter-3\/\" \/>\n<meta property=\"og:site_name\" content=\"Bella Umbria\" \/>\n<meta property=\"article:publisher\" content=\"https:\/\/www.facebook.com\/bellaumbria\" \/>\n<meta property=\"article:published_time\" content=\"2022-08-12T15:45:50+00:00\" \/>\n<meta property=\"og:image\" content=\"https:\/\/www.bellaumbria.net\/wp-content\/uploads\/1970\/01\/Lago-Trasimeno_Passignano-sul-Trasimeno_Museo-delle-barche_foto-di-Travelblog.it_.jpg\" \/>\n\t<meta property=\"og:image:width\" content=\"590\" \/>\n\t<meta property=\"og:image:height\" content=\"324\" \/>\n\t<meta property=\"og:image:type\" content=\"image\/jpeg\" \/>\n<meta name=\"author\" content=\"admin\" \/>\n<meta name=\"twitter:card\" content=\"summary_large_image\" \/>\n<meta name=\"twitter:label1\" content=\"Written by\" \/>\n\t<meta name=\"twitter:data1\" content=\"admin\" \/>\n\t<meta name=\"twitter:label2\" content=\"Est. reading time\" \/>\n\t<meta name=\"twitter:data2\" content=\"19 minutes\" \/>\n<script type=\"application\/ld+json\" class=\"yoast-schema-graph\">{\"@context\":\"https:\/\/schema.org\",\"@graph\":[{\"@type\":\"Article\",\"@id\":\"https:\/\/www.bellaumbria.net\/en\/umbria-jazz-winter-3\/#article\",\"isPartOf\":{\"@id\":\"https:\/\/www.bellaumbria.net\/en\/umbria-jazz-winter-3\/\"},\"author\":{\"name\":\"admin\",\"@id\":\"https:\/\/www.bellaumbria.net\/#\/schema\/person\/5f6da8aeb3361eea9d474e986a3a2595\"},\"headline\":\"Umbria Jazz Winter\",\"datePublished\":\"2022-08-12T15:45:50+00:00\",\"dateModified\":\"2022-08-12T15:45:50+00:00\",\"mainEntityOfPage\":{\"@id\":\"https:\/\/www.bellaumbria.net\/en\/umbria-jazz-winter-3\/\"},\"wordCount\":3782,\"commentCount\":0,\"publisher\":{\"@id\":\"https:\/\/www.bellaumbria.net\/#organization\"},\"articleSection\":[\"Eventi\"],\"inLanguage\":\"en-US\"},{\"@type\":\"WebPage\",\"@id\":\"https:\/\/www.bellaumbria.net\/en\/umbria-jazz-winter-3\/\",\"url\":\"https:\/\/www.bellaumbria.net\/en\/umbria-jazz-winter-3\/\",\"name\":\"Umbria Jazz Winter | Bella Umbria\",\"isPartOf\":{\"@id\":\"https:\/\/www.bellaumbria.net\/#website\"},\"datePublished\":\"2022-08-12T15:45:50+00:00\",\"dateModified\":\"2022-08-12T15:45:50+00:00\",\"breadcrumb\":{\"@id\":\"https:\/\/www.bellaumbria.net\/en\/umbria-jazz-winter-3\/#breadcrumb\"},\"inLanguage\":\"en-US\",\"potentialAction\":[{\"@type\":\"ReadAction\",\"target\":[\"https:\/\/www.bellaumbria.net\/en\/umbria-jazz-winter-3\/\"]}]},{\"@type\":\"BreadcrumbList\",\"@id\":\"https:\/\/www.bellaumbria.net\/en\/umbria-jazz-winter-3\/#breadcrumb\",\"itemListElement\":[{\"@type\":\"ListItem\",\"position\":1,\"name\":\"Home\",\"item\":\"https:\/\/www.bellaumbria.net\/en\/\"},{\"@type\":\"ListItem\",\"position\":2,\"name\":\"Umbria Jazz Winter\"}]},{\"@type\":\"WebSite\",\"@id\":\"https:\/\/www.bellaumbria.net\/#website\",\"url\":\"https:\/\/www.bellaumbria.net\/\",\"name\":\"Bella Umbria\",\"description\":\"La tua vacanza nel cuore verde d&#039;Italia\",\"publisher\":{\"@id\":\"https:\/\/www.bellaumbria.net\/#organization\"},\"potentialAction\":[{\"@type\":\"SearchAction\",\"target\":{\"@type\":\"EntryPoint\",\"urlTemplate\":\"https:\/\/www.bellaumbria.net\/?s={search_term_string}\"},\"query-input\":\"required name=search_term_string\"}],\"inLanguage\":\"en-US\"},{\"@type\":\"Organization\",\"@id\":\"https:\/\/www.bellaumbria.net\/#organization\",\"name\":\"Bella Umbria\",\"url\":\"https:\/\/www.bellaumbria.net\/\",\"logo\":{\"@type\":\"ImageObject\",\"inLanguage\":\"en-US\",\"@id\":\"https:\/\/www.bellaumbria.net\/#\/schema\/logo\/image\/\",\"url\":\"https:\/\/www.bellaumbria.net\/wp-content\/uploads\/2019\/09\/bella.jpeg\",\"contentUrl\":\"https:\/\/www.bellaumbria.net\/wp-content\/uploads\/2019\/09\/bella.jpeg\",\"width\":400,\"height\":400,\"caption\":\"Bella Umbria\"},\"image\":{\"@id\":\"https:\/\/www.bellaumbria.net\/#\/schema\/logo\/image\/\"},\"sameAs\":[\"https:\/\/www.facebook.com\/bellaumbria\",\"https:\/\/www.instagram.com\/bella_umbria\/\"]},{\"@type\":\"Person\",\"@id\":\"https:\/\/www.bellaumbria.net\/#\/schema\/person\/5f6da8aeb3361eea9d474e986a3a2595\",\"name\":\"admin\",\"image\":{\"@type\":\"ImageObject\",\"inLanguage\":\"en-US\",\"@id\":\"https:\/\/www.bellaumbria.net\/#\/schema\/person\/image\/\",\"url\":\"https:\/\/secure.gravatar.com\/avatar\/443e937f129c256faa84b01f7af92892?s=96&d=mm&r=g\",\"contentUrl\":\"https:\/\/secure.gravatar.com\/avatar\/443e937f129c256faa84b01f7af92892?s=96&d=mm&r=g\",\"caption\":\"admin\"},\"url\":\"https:\/\/www.bellaumbria.net\/en\/author\/admin\/\"}]}<\/script>\n<!-- \/ Yoast SEO plugin. -->","yoast_head_json":{"title":"Umbria Jazz Winter | Bella Umbria","robots":{"index":"index","follow":"follow","max-snippet":"max-snippet:-1","max-image-preview":"max-image-preview:large","max-video-preview":"max-video-preview:-1"},"canonical":"https:\/\/www.bellaumbria.net\/en\/umbria-jazz-winter-3\/","og_locale":"en_US","og_type":"article","og_title":"Umbria Jazz Winter | Bella Umbria","og_url":"https:\/\/www.bellaumbria.net\/en\/umbria-jazz-winter-3\/","og_site_name":"Bella Umbria","article_publisher":"https:\/\/www.facebook.com\/bellaumbria","article_published_time":"2022-08-12T15:45:50+00:00","og_image":[{"width":590,"height":324,"url":"https:\/\/www.bellaumbria.net\/wp-content\/uploads\/1970\/01\/Lago-Trasimeno_Passignano-sul-Trasimeno_Museo-delle-barche_foto-di-Travelblog.it_.jpg","type":"image\/jpeg"}],"author":"admin","twitter_card":"summary_large_image","twitter_misc":{"Written by":"admin","Est. reading time":"19 minutes"},"schema":{"@context":"https:\/\/schema.org","@graph":[{"@type":"Article","@id":"https:\/\/www.bellaumbria.net\/en\/umbria-jazz-winter-3\/#article","isPartOf":{"@id":"https:\/\/www.bellaumbria.net\/en\/umbria-jazz-winter-3\/"},"author":{"name":"admin","@id":"https:\/\/www.bellaumbria.net\/#\/schema\/person\/5f6da8aeb3361eea9d474e986a3a2595"},"headline":"Umbria Jazz Winter","datePublished":"2022-08-12T15:45:50+00:00","dateModified":"2022-08-12T15:45:50+00:00","mainEntityOfPage":{"@id":"https:\/\/www.bellaumbria.net\/en\/umbria-jazz-winter-3\/"},"wordCount":3782,"commentCount":0,"publisher":{"@id":"https:\/\/www.bellaumbria.net\/#organization"},"articleSection":["Eventi"],"inLanguage":"en-US"},{"@type":"WebPage","@id":"https:\/\/www.bellaumbria.net\/en\/umbria-jazz-winter-3\/","url":"https:\/\/www.bellaumbria.net\/en\/umbria-jazz-winter-3\/","name":"Umbria Jazz Winter | Bella Umbria","isPartOf":{"@id":"https:\/\/www.bellaumbria.net\/#website"},"datePublished":"2022-08-12T15:45:50+00:00","dateModified":"2022-08-12T15:45:50+00:00","breadcrumb":{"@id":"https:\/\/www.bellaumbria.net\/en\/umbria-jazz-winter-3\/#breadcrumb"},"inLanguage":"en-US","potentialAction":[{"@type":"ReadAction","target":["https:\/\/www.bellaumbria.net\/en\/umbria-jazz-winter-3\/"]}]},{"@type":"BreadcrumbList","@id":"https:\/\/www.bellaumbria.net\/en\/umbria-jazz-winter-3\/#breadcrumb","itemListElement":[{"@type":"ListItem","position":1,"name":"Home","item":"https:\/\/www.bellaumbria.net\/en\/"},{"@type":"ListItem","position":2,"name":"Umbria Jazz Winter"}]},{"@type":"WebSite","@id":"https:\/\/www.bellaumbria.net\/#website","url":"https:\/\/www.bellaumbria.net\/","name":"Bella Umbria","description":"La tua vacanza nel cuore verde d&#039;Italia","publisher":{"@id":"https:\/\/www.bellaumbria.net\/#organization"},"potentialAction":[{"@type":"SearchAction","target":{"@type":"EntryPoint","urlTemplate":"https:\/\/www.bellaumbria.net\/?s={search_term_string}"},"query-input":"required name=search_term_string"}],"inLanguage":"en-US"},{"@type":"Organization","@id":"https:\/\/www.bellaumbria.net\/#organization","name":"Bella Umbria","url":"https:\/\/www.bellaumbria.net\/","logo":{"@type":"ImageObject","inLanguage":"en-US","@id":"https:\/\/www.bellaumbria.net\/#\/schema\/logo\/image\/","url":"https:\/\/www.bellaumbria.net\/wp-content\/uploads\/2019\/09\/bella.jpeg","contentUrl":"https:\/\/www.bellaumbria.net\/wp-content\/uploads\/2019\/09\/bella.jpeg","width":400,"height":400,"caption":"Bella Umbria"},"image":{"@id":"https:\/\/www.bellaumbria.net\/#\/schema\/logo\/image\/"},"sameAs":["https:\/\/www.facebook.com\/bellaumbria","https:\/\/www.instagram.com\/bella_umbria\/"]},{"@type":"Person","@id":"https:\/\/www.bellaumbria.net\/#\/schema\/person\/5f6da8aeb3361eea9d474e986a3a2595","name":"admin","image":{"@type":"ImageObject","inLanguage":"en-US","@id":"https:\/\/www.bellaumbria.net\/#\/schema\/person\/image\/","url":"https:\/\/secure.gravatar.com\/avatar\/443e937f129c256faa84b01f7af92892?s=96&d=mm&r=g","contentUrl":"https:\/\/secure.gravatar.com\/avatar\/443e937f129c256faa84b01f7af92892?s=96&d=mm&r=g","caption":"admin"},"url":"https:\/\/www.bellaumbria.net\/en\/author\/admin\/"}]}},"_links":{"self":[{"href":"https:\/\/www.bellaumbria.net\/en\/wp-json\/wp\/v2\/posts\/192991"}],"collection":[{"href":"https:\/\/www.bellaumbria.net\/en\/wp-json\/wp\/v2\/posts"}],"about":[{"href":"https:\/\/www.bellaumbria.net\/en\/wp-json\/wp\/v2\/types\/post"}],"author":[{"embeddable":true,"href":"https:\/\/www.bellaumbria.net\/en\/wp-json\/wp\/v2\/users\/1"}],"replies":[{"embeddable":true,"href":"https:\/\/www.bellaumbria.net\/en\/wp-json\/wp\/v2\/comments?post=192991"}],"version-history":[{"count":0,"href":"https:\/\/www.bellaumbria.net\/en\/wp-json\/wp\/v2\/posts\/192991\/revisions"}],"wp:featuredmedia":[{"embeddable":true,"href":"https:\/\/www.bellaumbria.net\/en\/wp-json\/wp\/v2\/media\/78980"}],"wp:attachment":[{"href":"https:\/\/www.bellaumbria.net\/en\/wp-json\/wp\/v2\/media?parent=192991"}],"wp:term":[{"taxonomy":"category","embeddable":true,"href":"https:\/\/www.bellaumbria.net\/en\/wp-json\/wp\/v2\/categories?post=192991"},{"taxonomy":"post_tag","embeddable":true,"href":"https:\/\/www.bellaumbria.net\/en\/wp-json\/wp\/v2\/tags?post=192991"},{"taxonomy":"tema_struttura_attivita","embeddable":true,"href":"https:\/\/www.bellaumbria.net\/en\/wp-json\/wp\/v2\/tema_struttura_attivita?post=192991"},{"taxonomy":"target_struttura_attivita","embeddable":true,"href":"https:\/\/www.bellaumbria.net\/en\/wp-json\/wp\/v2\/target_struttura_attivita?post=192991"}],"curies":[{"name":"wp","href":"https:\/\/api.w.org\/{rel}","templated":true}]}}