{"id":192943,"date":"2022-08-12T17:45:36","date_gmt":"2022-08-12T15:45:36","guid":{"rendered":"http:\/\/www.bellaumbria.net\/calendimaggio-of-assisi\/"},"modified":"2022-08-12T17:45:36","modified_gmt":"2022-08-12T15:45:36","slug":"calendimaggio-of-assisi","status":"publish","type":"post","link":"https:\/\/www.bellaumbria.net\/en\/calendimaggio-of-assisi\/","title":{"rendered":"Calendimaggio of Assisi"},"content":{"rendered":"<div style=\"display:none\">\n<p>Siamo entrati nel mese di Maggio, accompagnato come sempre dalla <strong>festa di Calendimaggio di Assisi<\/strong> con cui si saluta l&#8217;<em>arrivo della<\/em> <em>Primavera<\/em>.\u00a0<\/p>\n<p>Durante questa manifestazione dalle origini antichissime, che si svolge quest&#8217;anno <strong>nelle giornate del 3-4-5-6 Maggio 2017<\/strong>, visitatori e curiosi potranno<strong> rivivere il Medioevo nella cornice unica e affascinante di Assisi<\/strong>, gi\u00e0 celebre citt\u00e0 di San Francesco.\u00a0<\/p>\n<p>Le due parti nelle quali \u00e8 divisa la citt\u00e0, la <em>Nobilissima Parte de Sopra<\/em> e la <em>Magnifica Parte de Sotto<\/em>, si sfidano per la conquista del palio attraverso cortei in costume medievale, scene recitate, esibizioni musicali e tanti altri eventi!<strong><\/strong><\/p>\n<p style=\"text-align: center;\"><a href=\"http:\/\/www.bellaumbria.net\/wp-content\/uploads\/2016\/05\/Calendimaggio-di-Assisi.png\"><img decoding=\"async\" loading=\"lazy\" class=\"size-full wp-image-71074 aligncenter\" title=\"Calendimaggio di Assisi\" src=\"http:\/\/www.bellaumbria.net\/wp-content\/uploads\/2016\/05\/Calendimaggio-di-Assisi.png\" alt=\"\" width=\"590\" height=\"324\" \/><\/a><\/p>\n<h2 style=\"text-align: center;\"><a href=\"http:\/\/www.bellaumbria.net\/it\/hotel\/assisi\/\" target=\"_blank\" rel=\"noopener\">\u00a0>> Non perdere i tanti eventi del Calendimaggio 2017! Clicca qui e consulta i migliori hotel di Assisi<\/a><\/h2>\n<p>\u00a0<\/p>\n<p><strong>Questa edizione 2017<\/strong> <strong>del Calendimaggio<\/strong> si preannuncia ricca di novit\u00e0, a partire dalla<strong> formula <em>Open<\/em>:<\/strong> la manifestazione sar\u00e0 estesa infatti anche a diversi punti della citt\u00e0 tradizionalmente non coinvolti, dove si svolgeranno eventi speciali in tema con lo spirito e la tradizione stessa del Calendimaggio. Inoltre, vari appuntamenti a partire da met\u00e0 Aprile ci accompagneranno verso il clou della manifestazione, grazie all&#8217;<strong>anteprima <em>E Vien Calendimaggio<\/em>.<\/strong> Ecco allora tutti i dettagli:<\/p>\n<p><strong><span style=\"color: #003300;\">&#8220;E VIEN CALENDIMAGGIO<\/span><\/strong>&#8220;<\/p>\n<p><strong><span style=\"color: #003300;\">GIOVEDI&#8217; 20 APRILE<\/span><\/strong><br \/><strong>Ore 10.30<\/strong><br \/>Piazza del Comune<br \/>Sala della Conciliazione<br \/>Premio &#8220;Carlo Lampone&#8221;<br \/>\u00a0<br \/><strong><span style=\"color: #003300;\">VENERDI&#8217; 21 APRILE<\/span><\/strong><br \/><strong>Ore 19.30<\/strong><br \/>Piazza del Comune<br \/>Sala delle Volte &#8211; Via Arco dei Priori<br \/>Apertura della Taverna del Calendimaggio &#8220;Magna Maggio&#8221; nei ristoranti convenzionati di Assisi<br \/>\u00a0<br \/><strong><span style=\"color: #003300;\">DOMENICA 23 APRILE<\/span><\/strong><br \/><strong>Ore 15.30<\/strong><br \/>Piazza Santa Chiara<br \/>Gara di selezione tra i Balestrieri delle Parti<br \/>\u00a0<br \/><strong><span style=\"color: #003300;\">MARTEDI&#8217; 25 APRILE<\/span><\/strong><br \/><strong>Ore 15.30<\/strong><br \/>Piazza del Comune<br \/>Sede dell\u2019Ente Calendimaggio<br \/>Presentazione della Giuria \u201cEdizione 2017\u201d<br \/>\u00a0<br \/><strong><span style=\"color: #003300;\">DOMENICA 30 APRILE<\/span><\/strong><br \/><strong>Ore 11.00<\/strong><br \/>Piazza del Comune &#8211; Sala della Conciliazione<br \/>Premiazione AVIS<\/p>\n<p><strong>Ore 18.00<\/strong><br \/>Piazzetta Chiesa Nuova<br \/>Presentazione Madonne Primavera<br \/>Omaggio canoro dei \u201cCantori di Assisi\u201d<\/p>\n<p><strong>Ore 20.30<\/strong><br \/>Cene Propiziatorie nei Rioni delle Parti<br \/>\u00a0<br \/><strong><span style=\"color: #003300;\">LUNEDI&#8217; 1\u00b0 MAGGIO<\/span><\/strong><br \/><strong>Ore 15.30<\/strong><br \/>Piazza Santa Chiara<br \/>Spettacolo della \u201cCompagnia Balestrieri di Assisi\u201d<\/p>\n<p><strong>Ore 18.00<\/strong><br \/>Spettacolo del \u201cGruppo Sbandieratori di Assisi\u201d\u201d<\/p>\n<p><strong><span style=\"color: #003300;\">MARTEDI&#8217; 2 MAGGIO<\/span><\/strong><br \/><strong>Ore 21.30<\/strong><br \/>Vicoli di Parte de Sopra e vicoli di Parte de Sotto<br \/>Scene aperte in costume<\/p>\n<p><span style=\"color: #003300;\"><strong>&#8220;CALENDIMAGGIO OPEN&#8221;<\/strong><\/span><\/p>\n<p><em><strong>Mercanti e artigiani<\/strong><\/em><br \/>La fiera di Bernardone tra saperi e mestieri della citt\u00e0 medievale<br \/>5 e 6 Maggio &#8211; Piazza Santa Chiara<\/p>\n<p><em><strong>L&#8217;Umbria rievoca<\/strong><\/em><br \/>Racconti e suggestioni della sartoria Gelsi Costumi d&#8217;Arte<br \/>25 Aprile &#8211; Inaugurazione e presentazione della giuria del Calendimaggio<br \/>25 Aprile al 6 Maggio &#8211; Palazzo del Monte Frumentario<\/p>\n<p><strong><em>Invito al gioco<\/em><\/strong><br \/>Tra il &#8216;400 e il &#8216;500: impariamo a giocare nel Rinascimento<br \/>dal 2 al 6 Maggio &#8211; Rocca Maggiore di Assisi<\/p>\n<p><strong><em>La contesa<\/em><\/strong><br \/>Sfida cortese a colpi di lazzi e canti per i vicoli di Assisi<br \/>dal 3 al 5 Maggio &#8211; Centro Storico<\/p>\n<p>\u00a0<\/p>\n<p>Inoltre, come ogni anno, <strong>le tipiche taverne<\/strong> allieteranno l&#8217;atmosfera cittadina per tutta la durata della manifestazione. <strong>Dai un&#8217;occhiata al menu&#8217; allegato in fondo alla pagina! <br \/><\/strong><\/p>\n<p style=\"text-align: center;\"><strong><a href=\"http:\/\/www.bellaumbria.net\/wp-content\/uploads\/2016\/05\/Calendimaggio-2017.jpg\"><img decoding=\"async\" loading=\"lazy\" class=\"aligncenter size-full wp-image-74597\" title=\"Calendimaggio 2017\" src=\"http:\/\/www.bellaumbria.net\/wp-content\/uploads\/2016\/05\/Calendimaggio-2017.jpg\" alt=\"\" width=\"590\" height=\"324\" \/><\/a><\/strong><\/p>\n<h2 style=\"text-align: center;\">\u00a0<a href=\"http:\/\/www.bellaumbria.net\/it\/agriturismi\/assisi\/\" target=\"_blank\" rel=\"noopener\">>> Prendi parte al Calendimaggio e assopora bellezze e natura di Assisi, noi ti consigliamo i migliori agriturismi della citt\u00e0<\/a><\/h2>\n<p style=\"text-align: center;\">\u00a0<\/p>\n<p><strong>Di seguito invece, il programma completo della festa,<\/strong> arricchito con tante piccole descrizioni dei principali momenti, tutti da vivere!<\/p>\n<p><span style=\"color: #003300;\"><strong>MERCOLED\u00cc 3 MAGGIO<\/strong><\/span><br \/><span style=\"color: #003300;\"><strong>&#8220;CONSEGNA DELLE CHIAVI&#8221;<\/strong><\/span><br \/>La <em>&#8220;Consegna delle Chiavi&#8221;<\/em>, costituisce un atto simbolico con il quale il Sindaco della citt\u00e0 offre al Maestro de Campo la potest\u00e0 giudiziaria per il periodo della manifestazione. \u00c8 il primo atto di una tenzone che si protrae per quattro intense giornate.<\/p>\n<p><strong>Ore 15:00<\/strong> <br \/>Parte de Sopra &#8211; <em>Benedizione dei vessilli<\/em> nella Cattedrale di San Rufino<br \/>Parte de Sotto &#8211; <em>Benedizione dei vessilli<\/em> nella Basilica superiore di San Francesco<br \/>Suono delle campane delle Laudi<\/p>\n<p><strong>Ore 15:45<\/strong>\u00a0<br \/>Piazza Santa Chiara<br \/><em>Partenza Corteo<\/em> dell\u2019Ente Calendimaggio<\/p>\n<p><strong>Ore 16.00<\/strong><br \/>Piazza del Comune<br \/>Coro delle Parti &#8211; Esecuzione Inno del Coprifuoco<br \/>Saluto del Presidente-Magistrato<br \/>Il Maestro di Campo assume i poteri sovrani<br \/>Ingresso dei cortei. Restituzione del Palio<br \/>Lettura dei bandi di sfida.<br \/>Uscita dei cortei per Corso Mazzini e Piazza Santa Chiara<\/p>\n<p><strong>Ore 21.30<\/strong><br \/>Parte de Sotto: Rievocazioni di vita medioevale<strong> *<\/strong><\/p>\n<p>* La manifestazione sar\u00e0 proiettata nella Sala delle Volte (Taverna) e nella Sala ex Pinacoteca.<\/p>\n<p style=\"text-align: center;\"><a href=\"http:\/\/www.bellaumbria.net\/wp-content\/uploads\/2016\/05\/Calendimaggio-Consegna-delle-Chiavi.png\"><img decoding=\"async\" loading=\"lazy\" class=\"aligncenter size-full wp-image-71079\" title=\"Calendimaggio, Consegna delle Chiavi\" src=\"http:\/\/www.bellaumbria.net\/wp-content\/uploads\/2016\/05\/Calendimaggio-Consegna-delle-Chiavi.png\" alt=\"\" width=\"588\" height=\"323\" \/><\/a><\/p>\n<p><span style=\"color: #003300;\"><strong>GIOVED\u00cc 4 MAGGIO<\/strong><\/span><br \/><span style=\"color: #003300;\"><strong>&#8220;MADONNA PRIMAVERA&#8221;<\/strong><\/span><br \/>L&#8217;elezione di <em>&#8220;Madonna Primavera&#8221;<\/em> avviene dopo le sfilate dei cortei delle Parti, a seguito di tre gare di forza ed abilit\u00e0 fra rappresentanti di Parte de Sopra e Parte de Sotto (tiro della fune, corsa con le tregge, tiro con la balestra). La Parte che avr\u00e0 vinto almeno due delle tre competizioni potr\u00e0 eleggere, fra le sue cinque Madonne, la regina della Primavera ed acquisir\u00e0 la possibilit\u00e0 di rappresentare per prima le scene nell\u2019edizione successiva.<\/p>\n<p><strong>Ore 15.00<\/strong><br \/>Piazza del Comune<br \/>Suono della Campana delle Laudi<br \/>Ingresso dei cortei. Giochi di sfida tra le Parti: Gara di tiro dei Balestrieri, Corsa delle tregge, Tiro alla fune per la proclamazione di Madonna Primavera.<br \/>Sfilata di Madonna Primavera<br \/>Uscita dei cortei per Corso Mazzini e Piazza Santa Chiara<\/p>\n<p>Durante i cortei del giorno si raccontano storie e vicende, spesso fantastiche, ma pur sempre attinte a modelli narrativi medievali in un alternarsi di effetti scenografici, coreografici e azioni teatrali.<\/p>\n<p><strong>Ore 21.30<\/strong><br \/>Parte de Sopra: Rievocazioni di vita medioevale*<\/p>\n<p>* La manifestazione sar\u00e0 proiettata nella Sala delle Volte (Taverna) e nella Sala ex Pinacoteca.<\/p>\n<p style=\"text-align: center;\"><a href=\"http:\/\/www.bellaumbria.net\/wp-content\/uploads\/2016\/05\/Calendimaggio-Madonna-Primavera.png\"><img decoding=\"async\" loading=\"lazy\" class=\"aligncenter size-full wp-image-71078\" title=\"Calendimaggio, Madonna Primavera\" src=\"http:\/\/www.bellaumbria.net\/wp-content\/uploads\/2016\/05\/Calendimaggio-Madonna-Primavera.png\" alt=\"\" width=\"590\" height=\"324\" \/><\/a><\/p>\n<p><span style=\"color: #003300;\"><strong>VENERD\u00cc 5 MAGGIO<\/strong><\/span><br \/><span style=\"color: #003300;\"><strong>&#8220;LO SPETTACOLO&#8221;<\/strong><\/span><\/p>\n<p><strong>Ore 15.30<\/strong><br \/>Piazza del Comune<br \/>Sfida tra i<em> Tamburini <\/em>di Parte de Sopra e Parte de Sotto<\/p>\n<p><strong>Ore 16.00<\/strong><br \/>Esibizione tra i tre finalisti della <em>&#8220;Contesa&#8221;<\/em><\/p>\n<p><strong>Ore 16.30<\/strong><br \/>Spettacolo di Sbandieratori con gli Sbandieratori di Assisi e altri Gruppi<\/p>\n<p><span style=\"color: #003300;\"><strong>CORTEO DELLA SERA &#8220;LA TENZONE&#8221;<\/strong><\/span><br \/>Le Parti si sfidano di nuovo in Piazza del Comune attraverso cortei caratterizzati da fuochi e dolci atmosfere che recano con s\u00e9 la sottile mestizia per la fine del sogno.<\/p>\n<p><strong>Ore 21.30<\/strong><br \/>Suono della Campana delle Laudi<br \/>Ingresso dei cortei della Sera<\/p>\n<p style=\"text-align: center;\"><a href=\"http:\/\/www.bellaumbria.net\/wp-content\/uploads\/2016\/05\/Calendimaggio-serata.png\"><img decoding=\"async\" loading=\"lazy\" class=\"aligncenter size-full wp-image-71077\" title=\"Calendimaggio, serata\" src=\"http:\/\/www.bellaumbria.net\/wp-content\/uploads\/2016\/05\/Calendimaggio-serata.png\" alt=\"\" width=\"585\" height=\"320\" \/><\/a><\/p>\n<p><span style=\"color: #003300;\"><strong>SABATO 6 MAGGIO<\/strong><\/span><br \/><span style=\"color: #003300;\"><strong>&#8220;LA SFIDA&#8221;<\/strong><\/span><\/p>\n<p><strong>Ore 15.30<\/strong><br \/>Piazza del Comune<br \/>Suono della Campana delle Laudi<br \/>Ingresso dei cortei storici<br \/>Uscita dei Cortei per Corso Mazzini e Piazza Santa Chiara\u00a0<\/p>\n<p><span style=\"color: #003300;\"><strong>&#8220;IL CANTO&#8221;<\/strong><\/span><br \/>Dopo i cortei della notte, la sfida canora. I cori delle due Parti si alternano nella conchiglia appositamente montata per garantire una migliore diffusione acustica ed eseguono tre brani a testa.\u00a0Il primo brano detto &#8220;di sfida&#8221; \u00e8 comune delle due Parti. Gli altri due vengono liberamente scelti da ciascuno dei cori. La piazza gremita, ascolta in silenzio sacrale.<\/p>\n<p><strong>Ore 21.30<\/strong><br \/>Suono della Campana delle Laudi<br \/><em>Sfida canora<\/em><br \/><em>Assegnazione del Palio<\/em><\/p>\n<p>Conclusa la sfida canora, i partaioli frementi aspettano in Piazza il responso dei giurati, riuniti presso gli uffici del Comune nel palazzo del Capitano del Popolo.<\/p>\n<p>Il Maestro de Campo declama la fatidica frase:<br \/><em>&#8220;Popolo de Ascesi noi Maestro de Campo, avvalendoci dei pieni poteri conferitici, udito lo parere dell\u2019eletto collegio dei giudici ai quali abbiamo demandato lo compito di indicarci quale delle due parti abbia raggiunto maggior lode nella cavalleresca contesa per lo saluto alla nascente Primavera, mentre esprimiamo alle Parti la nostra incondizionata riconoscenza per l&#8217;alta prova morale e civica espressa in questa contesa, degna delle pi\u00f9 nobili tradizioni della nostra citt\u00e0, assegnamo lo Palio de Calendimaggio alla parte de &#8230;..&#8221;<\/em><\/p>\n<p style=\"text-align: center;\"><a href=\"http:\/\/www.bellaumbria.net\/wp-content\/uploads\/2016\/05\/Calendimaggio-ad-Assisi.png\"><img decoding=\"async\" loading=\"lazy\" class=\"aligncenter size-full wp-image-71076\" title=\"Calendimaggio ad Assisi\" src=\"http:\/\/www.bellaumbria.net\/wp-content\/uploads\/2016\/05\/Calendimaggio-ad-Assisi.png\" alt=\"\" width=\"590\" height=\"324\" \/><\/a><\/p>\n<h2 style=\"text-align: center;\"><a href=\"http:\/\/www.bellaumbria.net\/it\/offerte\/\" target=\"_blank\" rel=\"noopener\">>> Organizza allora il tuo soggiorno in Umbria, il Calendimaggio ti aspetta! Qui le migliori offerte in tutta la regione<\/a><\/h2>\n<p>\u00a0<\/p>\n<p>L&#8217;accuratezza della ricostruzione e il rigore storico nel celebrare le fonti medievali fanno del Calendimaggio un evento particolarmente affascinante, che viene inoltre celebrato dai cittadini di Assisi con un&#8217;intensa partecipazione e una profonda devozione.<\/p>\n<p>Per maggiori informazioni, visita il sito ufficiale <a href=\"http:\/\/www.calendimaggiodiassisi.com\/\" target=\"_blank\" rel=\"noopener\">Calendimaggio di Assisi<\/a><\/p>\n<p>\u00a0<\/p>\n<\/div>\n<div>\n<p>\u00a0Siamo entrati nel mese di Maggio, accompagnato come sempre dalla <strong>festa di Calendimaggio di Assisi<\/strong> con cui si saluta l&#8217;<em>arrivo della<\/em> <em>Primavera<\/em>.\u00a0<\/p>\n<p>Durante questa manifestazione dalle origini antichissime, che si svolge quest&#8217;anno <strong>nelle giornate del 3-4-5-6 Maggio 2017<\/strong>, visitatori e curiosi potranno<strong> rivivere il Medioevo nella cornice unica e affascinante di Assisi<\/strong>, gi\u00e0 celebre citt\u00e0 di San Francesco.\u00a0<\/p>\n<p>Le due parti nelle quali \u00e8 divisa la citt\u00e0, la <em>Nobilissima Parte de Sopra<\/em> e la <em>Magnifica Parte de Sotto<\/em>, si sfidano per la conquista del palio attraverso cortei in costume medievale, scene recitate, esibizioni musicali e tanti altri eventi!<strong><\/strong><\/p>\n<p style=\"text-align: center;\"><a href=\"http:\/\/www.bellaumbria.net\/wp-content\/uploads\/2016\/05\/Calendimaggio-di-Assisi.png\"><img decoding=\"async\" loading=\"lazy\" class=\"size-full wp-image-71074 aligncenter\" title=\"Calendimaggio di Assisi\" src=\"http:\/\/www.bellaumbria.net\/wp-content\/uploads\/2016\/05\/Calendimaggio-di-Assisi.png\" alt=\"\" width=\"590\" height=\"324\" \/><\/a><\/p>\n<h2 style=\"text-align: center;\"><a href=\"http:\/\/www.bellaumbria.net\/it\/hotel\/assisi\/\" target=\"_blank\" rel=\"noopener\">\u00a0>> Non perdere i tanti eventi del Calendimaggio 2017! Clicca qui e consulta i migliori hotel di Assisi<\/a><\/h2>\n<p>\u00a0<\/p>\n<p><strong>Questa edizione 2017<\/strong> <strong>del Calendimaggio<\/strong> si preannuncia ricca di novit\u00e0, a partire dalla<strong> formula <em>Open<\/em>:<\/strong> la manifestazione sar\u00e0 estesa infatti anche a diversi punti della citt\u00e0 tradizionalmente non coinvolti, dove si svolgeranno eventi speciali in tema con lo spirito e la tradizione stessa del Calendimaggio. Inoltre, vari appuntamenti a partire da met\u00e0 Aprile ci accompagneranno verso il clou della manifestazione, grazie all&#8217;<strong>anteprima <em>E Vien Calendimaggio<\/em>.<\/strong> Ecco allora tutti i dettagli:<\/p>\n<p><strong><span style=\"color: #003300;\">&#8220;E VIEN CALENDIMAGGIO<\/span><\/strong>&#8220;<\/p>\n<p><strong><span style=\"color: #003300;\">GIOVEDI&#8217; 20 APRILE<\/span><\/strong><br \/><strong>Ore 10.30<\/strong><br \/>Piazza del Comune<br \/>Sala della Conciliazione<br \/>Premio &#8220;Carlo Lampone&#8221;<br \/>\u00a0<br \/><strong><span style=\"color: #003300;\">VENERDI&#8217; 21 APRILE<\/span><\/strong><br \/><strong>Ore 19.30<\/strong><br \/>Piazza del Comune<br \/>Sala delle Volte &#8211; Via Arco dei Priori<br \/>Apertura della Taverna del Calendimaggio &#8220;Magna Maggio&#8221; nei ristoranti convenzionati di Assisi<br \/>\u00a0<br \/><strong><span style=\"color: #003300;\">DOMENICA 23 APRILE<\/span><\/strong><br \/><strong>Ore 15.30<\/strong><br \/>Piazza Santa Chiara<br \/>Gara di selezione tra i Balestrieri delle Parti<br \/>\u00a0<br \/><strong><span style=\"color: #003300;\">MARTEDI&#8217; 25 APRILE<\/span><\/strong><br \/><strong>Ore 15.30<\/strong><br \/>Piazza del Comune<br \/>Sede dell\u2019Ente Calendimaggio<br \/>Presentazione della Giuria \u201cEdizione 2017\u201d<br \/>\u00a0<br \/><strong><span style=\"color: #003300;\">DOMENICA 30 APRILE<\/span><\/strong><br \/><strong>Ore 11.00<\/strong><br \/>Piazza del Comune &#8211; Sala della Conciliazione<br \/>Premiazione AVIS<\/p>\n<p><strong>Ore 18.00<\/strong><br \/>Piazzetta Chiesa Nuova<br \/>Presentazione Madonne Primavera<br \/>Omaggio canoro dei \u201cCantori di Assisi\u201d<\/p>\n<p><strong>Ore 20.30<\/strong><br \/>Cene Propiziatorie nei Rioni delle Parti<br \/>\u00a0<br \/><strong><span style=\"color: #003300;\">LUNEDI&#8217; 1\u00b0 MAGGIO<\/span><\/strong><br \/><strong>Ore 15.30<\/strong><br \/>Piazza Santa Chiara<br \/>Spettacolo della \u201cCompagnia Balestrieri di Assisi\u201d<\/p>\n<p><strong>Ore 18.00<\/strong><br \/>Spettacolo del \u201cGruppo Sbandieratori di Assisi\u201d\u201d<\/p>\n<p><strong><span style=\"color: #003300;\">MARTEDI&#8217; 2 MAGGIO<\/span><\/strong><br \/><strong>Ore 21.30<\/strong><br \/>Vicoli di Parte de Sopra e vicoli di Parte de Sotto<br \/>Scene aperte in costume<\/p>\n<p><span style=\"color: #003300;\"><strong>&#8220;CALENDIMAGGIO OPEN&#8221;<\/strong><\/span><\/p>\n<p><em><strong>Mercanti e artigiani<\/strong><\/em><br \/>La fiera di Bernardone tra saperi e mestieri della citt\u00e0 medievale<br \/>5 e 6 Maggio &#8211; Piazza Santa Chiara<\/p>\n<p><em><strong>L&#8217;Umbria rievoca<\/strong><\/em><br \/>Racconti e suggestioni della sartoria Gelsi Costumi d&#8217;Arte<br \/>25 Aprile &#8211; Inaugurazione e presentazione della giuria del Calendimaggio<br \/>25 Aprile al 6 Maggio &#8211; Palazzo del Monte Frumentario<\/p>\n<p><strong><em>Invito al gioco<\/em><\/strong><br \/>Tra il &#8216;400 e il &#8216;500: impariamo a giocare nel Rinascimento<br \/>dal 2 al 6 Maggio &#8211; Rocca Maggiore di Assisi<\/p>\n<p><strong><em>La contesa<\/em><\/strong><br \/>Sfida cortese a colpi di lazzi e canti per i vicoli di Assisi<br \/>dal 3 al 5 Maggio &#8211; Centro Storico<\/p>\n<p>\u00a0<\/p>\n<p>Inoltre, come ogni anno, <strong>le tipiche taverne<\/strong> allieteranno l&#8217;atmosfera cittadina per tutta la durata della manifestazione. <strong>Dai un&#8217;occhiata al menu&#8217; allegato in fondo alla pagina! <br \/><\/strong><\/p>\n<p style=\"text-align: center;\"><strong><a href=\"http:\/\/www.bellaumbria.net\/wp-content\/uploads\/2016\/05\/Calendimaggio-2017.jpg\"><img decoding=\"async\" loading=\"lazy\" class=\"aligncenter size-full wp-image-74597\" title=\"Calendimaggio 2017\" src=\"http:\/\/www.bellaumbria.net\/wp-content\/uploads\/2016\/05\/Calendimaggio-2017.jpg\" alt=\"\" width=\"590\" height=\"324\" \/><\/a><\/strong><\/p>\n<h2 style=\"text-align: center;\">\u00a0<a href=\"http:\/\/www.bellaumbria.net\/it\/agriturismi\/assisi\/\" target=\"_blank\" rel=\"noopener\">>> Prendi parte al Calendimaggio e assopora bellezze e natura di Assisi, noi ti consigliamo i migliori agriturismi della citt\u00e0<\/a><\/h2>\n<p style=\"text-align: center;\">\u00a0<\/p>\n<p><strong>Di seguito invece, il programma completo della festa,<\/strong> arricchito con tante piccole descrizioni dei principali momenti, tutti da vivere!<\/p>\n<p><span style=\"color: #003300;\"><strong>MERCOLED\u00cc 3 MAGGIO<\/strong><\/span><br \/><span style=\"color: #003300;\"><strong>&#8220;CONSEGNA DELLE CHIAVI&#8221;<\/strong><\/span><br \/>La <em>&#8220;Consegna delle Chiavi&#8221;<\/em>, costituisce un atto simbolico con il quale il Sindaco della citt\u00e0 offre al Maestro de Campo la potest\u00e0 giudiziaria per il periodo della manifestazione. \u00c8 il primo atto di una tenzone che si protrae per quattro intense giornate.<\/p>\n<p><strong>Ore 15:00<\/strong> <br \/>Parte de Sopra &#8211; <em>Benedizione dei vessilli<\/em> nella Cattedrale di San Rufino<br \/>Parte de Sotto &#8211; <em>Benedizione dei vessilli<\/em> nella Basilica superiore di San Francesco<br \/>Suono delle campane delle Laudi<\/p>\n<p><strong>Ore 15:45<\/strong>\u00a0<br \/>Piazza Santa Chiara<br \/><em>Partenza Corteo<\/em> dell\u2019Ente Calendimaggio<\/p>\n<p><strong>Ore 16.00<\/strong><br \/>Piazza del Comune<br \/>Coro delle Parti &#8211; Esecuzione Inno del Coprifuoco<br \/>Saluto del Presidente-Magistrato<br \/>Il Maestro di Campo assume i poteri sovrani<br \/>Ingresso dei cortei. Restituzione del Palio<br \/>Lettura dei bandi di sfida.<br \/>Uscita dei cortei per Corso Mazzini e Piazza Santa Chiara<\/p>\n<p><strong>Ore 21.30<\/strong><br \/>Parte de Sotto: Rievocazioni di vita medioevale<strong> *<\/strong><\/p>\n<p>* La manifestazione sar\u00e0 proiettata nella Sala delle Volte (Taverna) e nella Sala ex Pinacoteca.<\/p>\n<p style=\"text-align: center;\"><a href=\"http:\/\/www.bellaumbria.net\/wp-content\/uploads\/2016\/05\/Calendimaggio-Consegna-delle-Chiavi.png\"><img decoding=\"async\" loading=\"lazy\" class=\"aligncenter size-full wp-image-71079\" title=\"Calendimaggio, Consegna delle Chiavi\" src=\"http:\/\/www.bellaumbria.net\/wp-content\/uploads\/2016\/05\/Calendimaggio-Consegna-delle-Chiavi.png\" alt=\"\" width=\"588\" height=\"323\" \/><\/a><\/p>\n<p><span style=\"color: #003300;\"><strong>GIOVED\u00cc 4 MAGGIO<\/strong><\/span><br \/><span style=\"color: #003300;\"><strong>&#8220;MADONNA PRIMAVERA&#8221;<\/strong><\/span><br \/>L&#8217;elezione di <em>&#8220;Madonna Primavera&#8221;<\/em> avviene dopo le sfilate dei cortei delle Parti, a seguito di tre gare di forza ed abilit\u00e0 fra rappresentanti di Parte de Sopra e Parte de Sotto (tiro della fune, corsa con le tregge, tiro con la balestra). La Parte che avr\u00e0 vinto almeno due delle tre competizioni potr\u00e0 eleggere, fra le sue cinque Madonne, la regina della Primavera ed acquisir\u00e0 la possibilit\u00e0 di rappresentare per prima le scene nell\u2019edizione successiva.<\/p>\n<p><strong>Ore 15.00<\/strong><br \/>Piazza del Comune<br \/>Suono della Campana delle Laudi<br \/>Ingresso dei cortei. Giochi di sfida tra le Parti: Gara di tiro dei Balestrieri, Corsa delle tregge, Tiro alla fune per la proclamazione di Madonna Primavera.<br \/>Sfilata di Madonna Primavera<br \/>Uscita dei cortei per Corso Mazzini e Piazza Santa Chiara<\/p>\n<p>Durante i cortei del giorno si raccontano storie e vicende, spesso fantastiche, ma pur sempre attinte a modelli narrativi medievali in un alternarsi di effetti scenografici, coreografici e azioni teatrali.<\/p>\n<p><strong>Ore 21.30<\/strong><br \/>Parte de Sopra: Rievocazioni di vita medioevale*<\/p>\n<p>* La manifestazione sar\u00e0 proiettata nella Sala delle Volte (Taverna) e nella Sala ex Pinacoteca.<\/p>\n<p style=\"text-align: center;\"><a href=\"http:\/\/www.bellaumbria.net\/wp-content\/uploads\/2016\/05\/Calendimaggio-Madonna-Primavera.png\"><img decoding=\"async\" loading=\"lazy\" class=\"aligncenter size-full wp-image-71078\" title=\"Calendimaggio, Madonna Primavera\" src=\"http:\/\/www.bellaumbria.net\/wp-content\/uploads\/2016\/05\/Calendimaggio-Madonna-Primavera.png\" alt=\"\" width=\"590\" height=\"324\" \/><\/a><\/p>\n<p><span style=\"color: #003300;\"><strong>VENERD\u00cc 5 MAGGIO<\/strong><\/span><br \/><span style=\"color: #003300;\"><strong>&#8220;LO SPETTACOLO&#8221;<\/strong><\/span><\/p>\n<p><strong>Ore 15.30<\/strong><br \/>Piazza del Comune<br \/>Sfida tra i<em> Tamburini <\/em>di Parte de Sopra e Parte de Sotto<\/p>\n<p><strong>Ore 16.00<\/strong><br \/>Esibizione tra i tre finalisti della <em>&#8220;Contesa&#8221;<\/em><\/p>\n<p><strong>Ore 16.30<\/strong><br \/>Spettacolo di Sbandieratori con gli Sbandieratori di Assisi e altri Gruppi<\/p>\n<p><span style=\"color: #003300;\"><strong>CORTEO DELLA SERA &#8220;LA TENZONE&#8221;<\/strong><\/span><br \/>Le Parti si sfidano di nuovo in Piazza del Comune attraverso cortei caratterizzati da fuochi e dolci atmosfere che recano con s\u00e9 la sottile mestizia per la fine del sogno.<\/p>\n<p><strong>Ore 21.30<\/strong><br \/>Suono della Campana delle Laudi<br \/>Ingresso dei cortei della Sera<\/p>\n<p style=\"text-align: center;\"><a href=\"http:\/\/www.bellaumbria.net\/wp-content\/uploads\/2016\/05\/Calendimaggio-serata.png\"><img decoding=\"async\" loading=\"lazy\" class=\"aligncenter size-full wp-image-71077\" title=\"Calendimaggio, serata\" src=\"http:\/\/www.bellaumbria.net\/wp-content\/uploads\/2016\/05\/Calendimaggio-serata.png\" alt=\"\" width=\"585\" height=\"320\" \/><\/a><\/p>\n<p><span style=\"color: #003300;\"><strong>SABATO 6 MAGGIO<\/strong><\/span><br \/><span style=\"color: #003300;\"><strong>&#8220;LA SFIDA&#8221;<\/strong><\/span><\/p>\n<p><strong>Ore 15.30<\/strong><br \/>Piazza del Comune<br \/>Suono della Campana delle Laudi<br \/>Ingresso dei cortei storici<br \/>Uscita dei Cortei per Corso Mazzini e Piazza Santa Chiara\u00a0<\/p>\n<p><span style=\"color: #003300;\"><strong>&#8220;IL CANTO&#8221;<\/strong><\/span><br \/>Dopo i cortei della notte, la sfida canora. I cori delle due Parti si alternano nella conchiglia appositamente montata per garantire una migliore diffusione acustica ed eseguono tre brani a testa.\u00a0Il primo brano detto &#8220;di sfida&#8221; \u00e8 comune delle due Parti. Gli altri due vengono liberamente scelti da ciascuno dei cori. La piazza gremita, ascolta in silenzio sacrale.<\/p>\n<p><strong>Ore 21.30<\/strong><br \/>Suono della Campana delle Laudi<br \/><em>Sfida canora<\/em><br \/><em>Assegnazione del Palio<\/em><\/p>\n<p>Conclusa la sfida canora, i partaioli frementi aspettano in Piazza il responso dei giurati, riuniti presso gli uffici del Comune nel palazzo del Capitano del Popolo.<\/p>\n<p>Il Maestro de Campo declama la fatidica frase:<br \/><em>&#8220;Popolo de Ascesi noi Maestro de Campo, avvalendoci dei pieni poteri conferitici, udito lo parere dell\u2019eletto collegio dei giudici ai quali abbiamo demandato lo compito di indicarci quale delle due parti abbia raggiunto maggior lode nella cavalleresca contesa per lo saluto alla nascente Primavera, mentre esprimiamo alle Parti la nostra incondizionata riconoscenza per l&#8217;alta prova morale e civica espressa in questa contesa, degna delle pi\u00f9 nobili tradizioni della nostra citt\u00e0, assegnamo lo Palio de Calendimaggio alla parte de &#8230;..&#8221;<\/em><\/p>\n<p style=\"text-align: center;\"><a href=\"http:\/\/www.bellaumbria.net\/wp-content\/uploads\/2016\/05\/Calendimaggio-ad-Assisi.png\"><img decoding=\"async\" loading=\"lazy\" class=\"aligncenter size-full wp-image-71076\" title=\"Calendimaggio ad Assisi\" src=\"http:\/\/www.bellaumbria.net\/wp-content\/uploads\/2016\/05\/Calendimaggio-ad-Assisi.png\" alt=\"\" width=\"590\" height=\"324\" \/><\/a><\/p>\n<h2 style=\"text-align: center;\"><a href=\"http:\/\/www.bellaumbria.net\/it\/offerte\/\" target=\"_blank\" rel=\"noopener\">>> Organizza allora il tuo soggiorno in Umbria, il Calendimaggio ti aspetta! Qui le migliori offerte in tutta la regione<\/a><\/h2>\n<p>\u00a0<\/p>\n<p>L&#8217;accuratezza della ricostruzione e il rigore storico nel celebrare le fonti medievali fanno del Calendimaggio un evento particolarmente affascinante, che viene inoltre celebrato dai cittadini di Assisi con un&#8217;intensa partecipazione e una profonda devozione.<\/p>\n<p>Per maggiori informazioni, visita il sito ufficiale <a href=\"http:\/\/www.calendimaggiodiassisi.com\/\" target=\"_blank\" rel=\"noopener\">Calendimaggio di Assisi<\/a><\/p>\n<p>\u00a0<\/p>\n<\/div>\n","protected":false},"excerpt":{"rendered":"Siamo entrati nel mese di Maggio, accompagnato come sempre dalla festa di Calendimaggio di Assisi con cui si saluta l'arrivo della Primavera.\u00a0Durante questa manifestazione dalle origini antichissime, che si svolge [...]","protected":false},"author":1,"featured_media":0,"comment_status":"open","ping_status":"closed","sticky":false,"template":"","format":"standard","meta":[],"categories":[621],"tags":[],"tema_struttura_attivita":[],"target_struttura_attivita":[],"yoast_head":"<!-- This site is optimized with the Yoast SEO plugin v20.6 - https:\/\/yoast.com\/wordpress\/plugins\/seo\/ -->\n<title>Calendimaggio of Assisi | Bella Umbria<\/title>\n<meta name=\"robots\" content=\"index, follow, max-snippet:-1, max-image-preview:large, max-video-preview:-1\" \/>\n<link rel=\"canonical\" href=\"https:\/\/www.bellaumbria.net\/en\/calendimaggio-of-assisi\/\" \/>\n<meta property=\"og:locale\" content=\"en_US\" \/>\n<meta property=\"og:type\" content=\"article\" \/>\n<meta property=\"og:title\" content=\"Calendimaggio of Assisi | Bella Umbria\" \/>\n<meta property=\"og:url\" content=\"https:\/\/www.bellaumbria.net\/en\/calendimaggio-of-assisi\/\" \/>\n<meta property=\"og:site_name\" content=\"Bella Umbria\" \/>\n<meta property=\"article:publisher\" content=\"https:\/\/www.facebook.com\/bellaumbria\" \/>\n<meta property=\"article:published_time\" content=\"2022-08-12T15:45:36+00:00\" \/>\n<meta property=\"og:image\" content=\"http:\/\/www.bellaumbria.net\/wp-content\/uploads\/2016\/05\/Calendimaggio-di-Assisi.png\" \/>\n<meta name=\"author\" content=\"admin\" \/>\n<meta name=\"twitter:card\" content=\"summary_large_image\" \/>\n<meta name=\"twitter:label1\" content=\"Written by\" \/>\n\t<meta name=\"twitter:data1\" content=\"admin\" \/>\n\t<meta name=\"twitter:label2\" content=\"Est. reading time\" \/>\n\t<meta name=\"twitter:data2\" content=\"11 minutes\" \/>\n<script type=\"application\/ld+json\" class=\"yoast-schema-graph\">{\"@context\":\"https:\/\/schema.org\",\"@graph\":[{\"@type\":\"Article\",\"@id\":\"https:\/\/www.bellaumbria.net\/en\/calendimaggio-of-assisi\/#article\",\"isPartOf\":{\"@id\":\"https:\/\/www.bellaumbria.net\/en\/calendimaggio-of-assisi\/\"},\"author\":{\"name\":\"admin\",\"@id\":\"https:\/\/www.bellaumbria.net\/#\/schema\/person\/5f6da8aeb3361eea9d474e986a3a2595\"},\"headline\":\"Calendimaggio of Assisi\",\"datePublished\":\"2022-08-12T15:45:36+00:00\",\"dateModified\":\"2022-08-12T15:45:36+00:00\",\"mainEntityOfPage\":{\"@id\":\"https:\/\/www.bellaumbria.net\/en\/calendimaggio-of-assisi\/\"},\"wordCount\":2283,\"commentCount\":0,\"publisher\":{\"@id\":\"https:\/\/www.bellaumbria.net\/#organization\"},\"articleSection\":[\"Eventi\"],\"inLanguage\":\"en-US\"},{\"@type\":\"WebPage\",\"@id\":\"https:\/\/www.bellaumbria.net\/en\/calendimaggio-of-assisi\/\",\"url\":\"https:\/\/www.bellaumbria.net\/en\/calendimaggio-of-assisi\/\",\"name\":\"Calendimaggio of Assisi | Bella Umbria\",\"isPartOf\":{\"@id\":\"https:\/\/www.bellaumbria.net\/#website\"},\"datePublished\":\"2022-08-12T15:45:36+00:00\",\"dateModified\":\"2022-08-12T15:45:36+00:00\",\"breadcrumb\":{\"@id\":\"https:\/\/www.bellaumbria.net\/en\/calendimaggio-of-assisi\/#breadcrumb\"},\"inLanguage\":\"en-US\",\"potentialAction\":[{\"@type\":\"ReadAction\",\"target\":[\"https:\/\/www.bellaumbria.net\/en\/calendimaggio-of-assisi\/\"]}]},{\"@type\":\"BreadcrumbList\",\"@id\":\"https:\/\/www.bellaumbria.net\/en\/calendimaggio-of-assisi\/#breadcrumb\",\"itemListElement\":[{\"@type\":\"ListItem\",\"position\":1,\"name\":\"Home\",\"item\":\"https:\/\/www.bellaumbria.net\/en\/\"},{\"@type\":\"ListItem\",\"position\":2,\"name\":\"Calendimaggio of Assisi\"}]},{\"@type\":\"WebSite\",\"@id\":\"https:\/\/www.bellaumbria.net\/#website\",\"url\":\"https:\/\/www.bellaumbria.net\/\",\"name\":\"Bella Umbria\",\"description\":\"La tua vacanza nel cuore verde d&#039;Italia\",\"publisher\":{\"@id\":\"https:\/\/www.bellaumbria.net\/#organization\"},\"potentialAction\":[{\"@type\":\"SearchAction\",\"target\":{\"@type\":\"EntryPoint\",\"urlTemplate\":\"https:\/\/www.bellaumbria.net\/?s={search_term_string}\"},\"query-input\":\"required name=search_term_string\"}],\"inLanguage\":\"en-US\"},{\"@type\":\"Organization\",\"@id\":\"https:\/\/www.bellaumbria.net\/#organization\",\"name\":\"Bella Umbria\",\"url\":\"https:\/\/www.bellaumbria.net\/\",\"logo\":{\"@type\":\"ImageObject\",\"inLanguage\":\"en-US\",\"@id\":\"https:\/\/www.bellaumbria.net\/#\/schema\/logo\/image\/\",\"url\":\"https:\/\/www.bellaumbria.net\/wp-content\/uploads\/2019\/09\/bella.jpeg\",\"contentUrl\":\"https:\/\/www.bellaumbria.net\/wp-content\/uploads\/2019\/09\/bella.jpeg\",\"width\":400,\"height\":400,\"caption\":\"Bella Umbria\"},\"image\":{\"@id\":\"https:\/\/www.bellaumbria.net\/#\/schema\/logo\/image\/\"},\"sameAs\":[\"https:\/\/www.facebook.com\/bellaumbria\",\"https:\/\/www.instagram.com\/bella_umbria\/\"]},{\"@type\":\"Person\",\"@id\":\"https:\/\/www.bellaumbria.net\/#\/schema\/person\/5f6da8aeb3361eea9d474e986a3a2595\",\"name\":\"admin\",\"image\":{\"@type\":\"ImageObject\",\"inLanguage\":\"en-US\",\"@id\":\"https:\/\/www.bellaumbria.net\/#\/schema\/person\/image\/\",\"url\":\"https:\/\/secure.gravatar.com\/avatar\/443e937f129c256faa84b01f7af92892?s=96&d=mm&r=g\",\"contentUrl\":\"https:\/\/secure.gravatar.com\/avatar\/443e937f129c256faa84b01f7af92892?s=96&d=mm&r=g\",\"caption\":\"admin\"},\"url\":\"https:\/\/www.bellaumbria.net\/en\/author\/admin\/\"}]}<\/script>\n<!-- \/ Yoast SEO plugin. -->","yoast_head_json":{"title":"Calendimaggio of Assisi | Bella Umbria","robots":{"index":"index","follow":"follow","max-snippet":"max-snippet:-1","max-image-preview":"max-image-preview:large","max-video-preview":"max-video-preview:-1"},"canonical":"https:\/\/www.bellaumbria.net\/en\/calendimaggio-of-assisi\/","og_locale":"en_US","og_type":"article","og_title":"Calendimaggio of Assisi | Bella Umbria","og_url":"https:\/\/www.bellaumbria.net\/en\/calendimaggio-of-assisi\/","og_site_name":"Bella Umbria","article_publisher":"https:\/\/www.facebook.com\/bellaumbria","article_published_time":"2022-08-12T15:45:36+00:00","og_image":[{"url":"http:\/\/www.bellaumbria.net\/wp-content\/uploads\/2016\/05\/Calendimaggio-di-Assisi.png"}],"author":"admin","twitter_card":"summary_large_image","twitter_misc":{"Written by":"admin","Est. reading time":"11 minutes"},"schema":{"@context":"https:\/\/schema.org","@graph":[{"@type":"Article","@id":"https:\/\/www.bellaumbria.net\/en\/calendimaggio-of-assisi\/#article","isPartOf":{"@id":"https:\/\/www.bellaumbria.net\/en\/calendimaggio-of-assisi\/"},"author":{"name":"admin","@id":"https:\/\/www.bellaumbria.net\/#\/schema\/person\/5f6da8aeb3361eea9d474e986a3a2595"},"headline":"Calendimaggio of Assisi","datePublished":"2022-08-12T15:45:36+00:00","dateModified":"2022-08-12T15:45:36+00:00","mainEntityOfPage":{"@id":"https:\/\/www.bellaumbria.net\/en\/calendimaggio-of-assisi\/"},"wordCount":2283,"commentCount":0,"publisher":{"@id":"https:\/\/www.bellaumbria.net\/#organization"},"articleSection":["Eventi"],"inLanguage":"en-US"},{"@type":"WebPage","@id":"https:\/\/www.bellaumbria.net\/en\/calendimaggio-of-assisi\/","url":"https:\/\/www.bellaumbria.net\/en\/calendimaggio-of-assisi\/","name":"Calendimaggio of Assisi | Bella Umbria","isPartOf":{"@id":"https:\/\/www.bellaumbria.net\/#website"},"datePublished":"2022-08-12T15:45:36+00:00","dateModified":"2022-08-12T15:45:36+00:00","breadcrumb":{"@id":"https:\/\/www.bellaumbria.net\/en\/calendimaggio-of-assisi\/#breadcrumb"},"inLanguage":"en-US","potentialAction":[{"@type":"ReadAction","target":["https:\/\/www.bellaumbria.net\/en\/calendimaggio-of-assisi\/"]}]},{"@type":"BreadcrumbList","@id":"https:\/\/www.bellaumbria.net\/en\/calendimaggio-of-assisi\/#breadcrumb","itemListElement":[{"@type":"ListItem","position":1,"name":"Home","item":"https:\/\/www.bellaumbria.net\/en\/"},{"@type":"ListItem","position":2,"name":"Calendimaggio of Assisi"}]},{"@type":"WebSite","@id":"https:\/\/www.bellaumbria.net\/#website","url":"https:\/\/www.bellaumbria.net\/","name":"Bella Umbria","description":"La tua vacanza nel cuore verde d&#039;Italia","publisher":{"@id":"https:\/\/www.bellaumbria.net\/#organization"},"potentialAction":[{"@type":"SearchAction","target":{"@type":"EntryPoint","urlTemplate":"https:\/\/www.bellaumbria.net\/?s={search_term_string}"},"query-input":"required name=search_term_string"}],"inLanguage":"en-US"},{"@type":"Organization","@id":"https:\/\/www.bellaumbria.net\/#organization","name":"Bella Umbria","url":"https:\/\/www.bellaumbria.net\/","logo":{"@type":"ImageObject","inLanguage":"en-US","@id":"https:\/\/www.bellaumbria.net\/#\/schema\/logo\/image\/","url":"https:\/\/www.bellaumbria.net\/wp-content\/uploads\/2019\/09\/bella.jpeg","contentUrl":"https:\/\/www.bellaumbria.net\/wp-content\/uploads\/2019\/09\/bella.jpeg","width":400,"height":400,"caption":"Bella Umbria"},"image":{"@id":"https:\/\/www.bellaumbria.net\/#\/schema\/logo\/image\/"},"sameAs":["https:\/\/www.facebook.com\/bellaumbria","https:\/\/www.instagram.com\/bella_umbria\/"]},{"@type":"Person","@id":"https:\/\/www.bellaumbria.net\/#\/schema\/person\/5f6da8aeb3361eea9d474e986a3a2595","name":"admin","image":{"@type":"ImageObject","inLanguage":"en-US","@id":"https:\/\/www.bellaumbria.net\/#\/schema\/person\/image\/","url":"https:\/\/secure.gravatar.com\/avatar\/443e937f129c256faa84b01f7af92892?s=96&d=mm&r=g","contentUrl":"https:\/\/secure.gravatar.com\/avatar\/443e937f129c256faa84b01f7af92892?s=96&d=mm&r=g","caption":"admin"},"url":"https:\/\/www.bellaumbria.net\/en\/author\/admin\/"}]}},"_links":{"self":[{"href":"https:\/\/www.bellaumbria.net\/en\/wp-json\/wp\/v2\/posts\/192943"}],"collection":[{"href":"https:\/\/www.bellaumbria.net\/en\/wp-json\/wp\/v2\/posts"}],"about":[{"href":"https:\/\/www.bellaumbria.net\/en\/wp-json\/wp\/v2\/types\/post"}],"author":[{"embeddable":true,"href":"https:\/\/www.bellaumbria.net\/en\/wp-json\/wp\/v2\/users\/1"}],"replies":[{"embeddable":true,"href":"https:\/\/www.bellaumbria.net\/en\/wp-json\/wp\/v2\/comments?post=192943"}],"version-history":[{"count":0,"href":"https:\/\/www.bellaumbria.net\/en\/wp-json\/wp\/v2\/posts\/192943\/revisions"}],"wp:attachment":[{"href":"https:\/\/www.bellaumbria.net\/en\/wp-json\/wp\/v2\/media?parent=192943"}],"wp:term":[{"taxonomy":"category","embeddable":true,"href":"https:\/\/www.bellaumbria.net\/en\/wp-json\/wp\/v2\/categories?post=192943"},{"taxonomy":"post_tag","embeddable":true,"href":"https:\/\/www.bellaumbria.net\/en\/wp-json\/wp\/v2\/tags?post=192943"},{"taxonomy":"tema_struttura_attivita","embeddable":true,"href":"https:\/\/www.bellaumbria.net\/en\/wp-json\/wp\/v2\/tema_struttura_attivita?post=192943"},{"taxonomy":"target_struttura_attivita","embeddable":true,"href":"https:\/\/www.bellaumbria.net\/en\/wp-json\/wp\/v2\/target_struttura_attivita?post=192943"}],"curies":[{"name":"wp","href":"https:\/\/api.w.org\/{rel}","templated":true}]}}