{"id":192927,"date":"2022-08-12T17:45:30","date_gmt":"2022-08-12T15:45:30","guid":{"rendered":"http:\/\/www.bellaumbria.net\/umbria-jazz-of-perugia\/"},"modified":"2022-08-12T17:45:30","modified_gmt":"2022-08-12T15:45:30","slug":"umbria-jazz-of-perugia","status":"publish","type":"post","link":"https:\/\/www.bellaumbria.net\/en\/umbria-jazz-of-perugia\/","title":{"rendered":"Umbria Jazz of Perugia"},"content":{"rendered":"<div style=\"display:none\">\n<p><strong>Dall&#8217; 11 al 21 Luglio 2019 a Perugia<\/strong>, torna l&#8217;appuntamento per eccellenza con la musica in Umbria: torna infatti <strong>Umbria Jazz<\/strong>, con un cartellone ancor pi\u00f9 ricco ed eclettico.\u00a0<\/p>\n<p>L&#8217;importanza di questo festival \u00e8 oramai ben nota, si tratta di una vera e propria avventura cominciata nel 1973 che ha saputo crescere ed innovarsi anno dopo anno, edizione dopo edizione, capace di portare le pi\u00f9 grandi eccellenze della musica jazz italiana e internazionale a calcare i palchi umbri. Sottolineamo anche\u00a0<strong>l&#8217;impegno e il valore del sistema &#8220;Umbria Jazz&#8221;<\/strong> nel moltiplicare gli eventi e nel coinvolgere quanto pi\u00f9 possibile altre aree e citt\u00e0 umbre, in quell&#8217;ottica di condivisione libera della musica che anima il festival fin dalle origini. Impegno ancor pi\u00f9 apprezzabile mentre \u00e8 ancora in corso la lenta ripresa dell&#8217;economia turistica della regione a seguito degli eventi sismici di due anni fa.<\/p>\n<p style=\"text-align: center;\"><a href=\"http:\/\/www.bellaumbria.net\/wp-content\/uploads\/2016\/06\/Umbria-Jazz-Perugia.jpg\"><img decoding=\"async\" loading=\"lazy\" class=\"aligncenter size-full wp-image-71456\" title=\"Umbria Jazz, Perugia\" src=\"http:\/\/www.bellaumbria.net\/wp-content\/uploads\/2016\/06\/Umbria-Jazz-Perugia.jpg\" alt=\"\" width=\"590\" height=\"324\" \/><\/a><\/p>\n<p style=\"text-align: center;\"><a href=\"http:\/\/www.bellaumbria.net\/it\/hotel\/perugia\/\" target=\"_blank\" rel=\"noopener\">>> Vivi i\u00a0suoni, i colori e l&#8217;atmosfera di un&#8217;intera citt\u00e0 in festa con Umbria Jazz! Clicca qui e prenota ora il tuo hotel a Perugia<\/a><\/p>\n<p>\u00a0<\/p>\n<h2 style=\"text-align: center;\"><span style=\"color: #008000;\">Umbria Jazz 2019, il PROGRAMMA DEL MAIN STAGE<\/span><\/h2>\n<p><strong>Per Umbria Jazz 2019 la cornice \u00e8 come sempre quella di Perugia,<\/strong> con le sue prestigiose location e in particolare con la splendida <em>Arena Santa Giuliana.\u00a0 <\/em>Ecco allora cosa ci regaler\u00e0 il <em>Main Stage<\/em> dell&#8217;Arena, il palco pi\u00f9 prestigioso di Umbria Jazz!<\/p>\n<p><a href=\"http:\/\/www.bellaumbria.net\/it\/eventi\/umbria-jazz-a-perugia\/attachment\/umbria-jazz-2019\/\" rel=\"attachment wp-att-79593\"><img decoding=\"async\" loading=\"lazy\" class=\"aligncenter size-full wp-image-79593\" title=\"Umbria Jazz 2019\" src=\"http:\/\/www.bellaumbria.net\/wp-content\/uploads\/2016\/06\/Umbria-Jazz-2019.jpg\" alt=\"\" width=\"590\" height=\"324\" \/><\/a><\/p>\n<p>\u00a0\u00a0<\/p>\n<h3><strong>VENERDI&#8217; 12 LUGLIO ore 21:00<\/strong><\/h3>\n<h3><strong>UMBRIA JAZZ 2019\u00a0Robben Ford + Alex Britti, Max Gazz\u00e8, Manu Katch\u00e9<\/strong><\/h3>\n<p><strong><\/strong>Un evento che si preannuncia imperdibile. Sul palco perugino si alterneranno autentiche leggende della musica nazionale ed internazionale. Ad aprire la serata ci sar\u00e0 nientemeno che <strong>Robben Ford<\/strong>, leggenda della chitarra blues con all&#8217;attivo cinque Grammy nominations, tre decenni di carriera solistica, collaborazioni con Miles Davis, Joni Mitchell, George Harrison, e Bob Dylan. Subito dopo di lui, il particolare trio formato da <strong>Alex Britti<\/strong>, <strong>Max Gazz\u00e8<\/strong> ed il batterista francese <strong>Man\u00f9 Katch\u00e8<\/strong>.\u00a0 L&#8217;incontro tra Britti e Gazz\u00e8 non \u00e8 nuovo visto che gi\u00e0 negli anni Novanta Alex e Max si erano ritrovati a suonare insieme nei fumosi locali blues di tutta Europa. A due anni da una serie di concerti intrapresi per ricordare questo loro periodo passato, al gi\u00e0 eccezionale duo si aggiunge un altro straordinario musicista: il batterista Manu Katche che nel suo curriculum vanta lunghe collaborazioni con Peter Gabriel, Sting, Joe Satriani, Dire Straits e tra gli italiani Pino Daniele e Stefano Bollani.<\/p>\n<p>\u00a0<\/p>\n<h3><strong>SABATO 13 LUGLIO ore 21:00<\/strong><br \/>DIANA KRALL special guest JOE LOVANO\u00a0<strong><br \/> <\/strong><\/h3>\n<p>Graditissimo ritorno quello di <strong>Diana Krall<\/strong> ad Umbria Jazz a distanza di soli tre anni. In questa occasione con la sua band troviamo un ospite davvero molto speciale:<strong> Joe Lovano<\/strong>, uno dei pi\u00f9 grandi sassofonisti del jazz contemporaneo. La line up comprende <strong>Robert Hurst<\/strong> al basso, <strong>Karriem Riggins<\/strong> alla batteria e <strong>Marc Ribot<\/strong>, geniale chitarrista e creatore di progetti non convenzionali.<\/p>\n<p>\u00a0<\/p>\n<h3><strong>DOMENICA 14 LUGLIO ore 21:00<br \/><\/strong>PAOLO CONTE &#8220;50 years of AZZURRO&#8221;<\/h3>\n<p>L&#8217;Italia \u00e8 cambiata negli ultimi 50 anni e con lei, anche tutta la musica che fa da sottofondo all&#8217;incedere del tempo. Poi per\u00f2 ci sono canzoni che rimangono inalterate nella storia e diventano parte del costume di un paese. &#8220;<strong>Azzurro<\/strong>&#8220;, resa celebre da Adriano Celentano \u00e8 una di queste canzoni. La canzone venne composta <strong>Paolo Conte<\/strong>\u00a0ed i 50 anni di questa canzone danno l&#8217;occasione al cantautore genovese di portare ad Umbra Jazz la sua musica. La rassegna jazz accoglie nel suo cartellone la canzone d\u2019autore italiana di cui l\u2019Avvocato astigiano \u00e8 da oltre cinquant\u2019anni uno dei pi\u00f9 amati e autorevoli interpreti.\u00a0<\/p>\n<p>\u00a0<\/p>\n<h3>LUNEDI&#8217; 15 LUGLIO ore 21:o0<br \/>MICHEL CAMILO<br \/>GEORGE BENSON<\/h3>\n<p>Serata unica per l&#8217;Umbria Jazz Festival! Due leggende della musica si alterneranno sul palco per una serata incredibile che accontenter\u00e0 tutti gli ascoltatori pi\u00f9 raffinati<\/p>\n<p>\u00a0<\/p>\n<h3><strong>MARTEDI&#8217; 16 LUGLIO ore 21:00<\/strong><br \/>RICHARD BONA<br \/>CHICK COREA<\/h3>\n<p>Sonorit\u00e0 ispaniche per due grandi interpreti del jazz. Un <strong>Chick Corea<\/strong> mai cos\u00ec attivo e creativo come in questi ultimi anni, porta ad Umbria Jazz &#8220;The Spanish Heart Band&#8221; uno spot sull\u2019anima latina del grande jazzman. Esperienza non nuova per il celebre pianista americano, difatti\u00a0i fans ricorderanno certamente che My Spanish Heart (1976) \u00e8 anche il titolo di un disco di grande successo con cui Corea traduceva in suono la sua passione per la musica ispanica ed il flamenco (fondamentale in tal senso fu la collaborazione con Paco de Lucia, leggenda del flamenco). Sempre in tema di riscoperta della Spagna, il nuovo \u201cFlamenco Project\u201d di <strong>Richard Bona<\/strong> ha preso forma tra Madrid e Barcellona ed \u00e8 stato ispirato da un concerto di Paco De Lucia. Fedele alla sua visione della musica, che si propone di superare i paletti dei generi codificati, Richard Bona con Bona de la Frontera fonde i ritmi africani e le tradizioni andaluse per immaginare un \u201cnuovo flamenco\u201d. Con lui una band di assoluto livello in cui spicca il madrileno Antonio Rey, considerato il nuovo astro della Guitarra Flamenca.<\/p>\n<p><img decoding=\"async\" loading=\"lazy\" class=\"aligncenter size-full wp-image-71457\" title=\"Pubblico all'Umbria Jazz\" src=\"http:\/\/www.bellaumbria.net\/wp-content\/uploads\/2016\/06\/Pubblico-allUmbria-Jazz.jpg\" alt=\"\" width=\"590\" height=\"324\" \/><\/p>\n<h3><strong>MERCOLEDI&#8217; 17 LUGLIO ore 21:00<\/strong><br \/>NICK MASON\u2019S SAUCERFUL OF SECRETS<\/h3>\n<p>Riaccendere i riflettori sul primo periodo dei <strong>Pink Floyd<\/strong>, sul rock psichedelico e pi\u00f9 sperimentale delle origini, sulla nascita della leggenda. \u00c8 il progetto di <strong>Nick Mason<\/strong>, cofondatore e batterista della band, il solo sempre presente per tutto l\u2019arco del trentennale percorso artistico dei Pink Floyd, sia in sala di incisione che nei tour.<\/p>\n<p>\u00a0<\/p>\n<h3><strong>GIOVEDI&#8217; 18 LUGLIO ore 21:00<\/strong><br \/><strong>KING CRIMSON<\/strong><\/h3>\n<p>I <strong>King Crimson<\/strong> celebreranno nel 2019 il 50\u00b0 anniversario del gruppo e quale modo migliore, per la leggendaria band capitanata da Robert Fripp, se non un tour mondiale che li vedr\u00e0 toccare tre continenti e calcare i palchi dei maggiori festival ed arene estive.\u00a0<\/p>\n<p>\u00a0<\/p>\n<h3><strong>VENERDI&#8217; 19 LUGLIO ore 21:00<\/strong><br \/><strong>SNARKY PUPPY<\/strong><\/h3>\n<p>Gli<strong> Snarky Puppy<\/strong>\u00a0sono diventati in poco tempo (la nascita ufficiale risale al 2004) una delle formazioni pi\u00f9 popolari del mondo del jazz e della fusion, termini che per\u00f2 nel loro caso risultano riduttivi. In realt\u00e0 la musica di Snarky Puppy sfugge a ogni tentativo di classificazione proprio per la capacit\u00e0 di concentrare con estrema disinvoltura i suoni della contemporaneit\u00e0.<\/p>\n<p>\u00a0<\/p>\n<h3><strong>SABATO 20 LUGLIO ore 21:00<\/strong><br \/>THOM YORKE<\/h3>\n<p>Thom Yorke, cantautore, polistrumentista, compositore britannico e storico frontman dei Radiohead, \u00e8 uno dei cantanti pi\u00f9 importanti e influenti del nuovo millennio, inserito nella lista dei 100 migliori cantanti di sempre secondo Rolling Stone.<br \/>\u201cThe Eraser\u201d \u00e8 il titolo del suo primo album solista, pubblicato nel 2006 e prodotto da Nigel Godrich, produttore dei Radiohead.<\/p>\n<p>\u00a0<\/p>\n<h3><strong>DOMENICA 21 LUGLIO ore 20:45<\/strong><br \/><strong><strong>LAURYN HILL<\/strong><\/strong><\/h3>\n<p>\u00a0Una delle personalit\u00e0 artistiche che hanno maggiormente caratterizzato il passaggio del millennio. Lauryn Hill si conquist\u00f2 una reputazione nel mondo della musica come unica componente femminile del trio The Fugees (gli altri erano Wyclef Jean e Pras Michel) che negli anni novanta fu campione di vendite di dischi, secondo solo a Michael Jackson sulla scena internazionale del R&#038;B. Ai Fugees si riconosce il merito di aver portato ai massimi livelli artistici un genere come l\u2019hip hop, anche coniugandolo con soul, reggae e ritmi caraibici.<\/p>\n<p><a href=\"http:\/\/www.bellaumbria.net\/it\/eventi\/umbria-jazz-a-perugia\/attachment\/umbria-jazz-2\/\" rel=\"attachment wp-att-77725\"><img decoding=\"async\" loading=\"lazy\" class=\"aligncenter size-full wp-image-77725\" title=\"Umbria Jazz\" src=\"http:\/\/www.bellaumbria.net\/wp-content\/uploads\/2016\/06\/Umbria-Jazz.jpg\" alt=\"\" width=\"590\" height=\"324\" \/><\/a><\/p>\n<p style=\"text-align: center;\"><a href=\"http:\/\/www.bellaumbria.net\/it\/agriturismi\/perugia\/\" target=\"_blank\" rel=\"noopener\">>> Umbria Jazz ti aspetta con il meglio della scena musicale jazz nazionale e internazione&#8230; e non solo! Consulta i migliori agriturismi della zona e organizza le tue vacanze a Perugia durante Umbria Jazz\u00a0<\/a><\/p>\n<p>\u00a0<\/p>\n<h2 style=\"text-align: center;\"><span style=\"color: #008000;\">E Umbria Jazz continua: scopri il programma completo!<\/span><\/h2>\n<p>Oltre all&#8217;Arena, Umbria Jazz \u00e8 protagonista con tantissimi altri eventi dislocati nella citt\u00e0 di Perugia, dalle vie <em>centro storico<\/em> ai Giardini <em>Carducci<\/em>, dal <em>Teatro Morlacchi<\/em> alla storica <em>Piazza IV Novembre<\/em>.<\/p>\n<p>Il cartellone di Umbria Jazz \u00e8 infatti ricco di <strong>concerti, incontri ed iniziative<\/strong> dove la musica \u00e8 sempre protagonista. Inoltre, assapora tutto il gusto dell&#8217;<strong>enogastranomia umbra<\/strong> a suon di musica con jazz lunch, aperitivi in musica e ristorante all&#8217;aperto all&#8217;Arena, dove coniugare buona cucina e buona musica.<\/p>\n<p>\u00a0<\/p>\n<p style=\"text-align: center;\"><strong><span style=\"color: #008000;\">Apri l&#8217;ALLEGATO in fondo alla pagina per scoprire il PROGRAMMA IN DETTAGLIO!<\/span><br \/> <\/strong><\/p>\n<p style=\"text-align: center;\"><a href=\"http:\/\/www.bellaumbria.net\/it\/eventi\/umbria-jazz-a-perugia\/attachment\/umbria-jazz-2019-perugia\/\" rel=\"attachment wp-att-79594\"><img decoding=\"async\" loading=\"lazy\" class=\"aligncenter size-full wp-image-79594\" title=\"Umbria Jazz 2019 Perugia\" src=\"http:\/\/www.bellaumbria.net\/wp-content\/uploads\/2016\/06\/Umbria-Jazz-2019-Perugia.png\" alt=\"\" width=\"590\" height=\"324\" \/><\/a><\/p>\n<p style=\"text-align: center;\"><a href=\"http:\/\/www.bellaumbria.net\/it\/offerte\/\" target=\"_blank\" rel=\"noopener\">\u00a0>> Ci sono tante offerte in scadenza per soggiorni in Umbria! Scoprile ora, Umbria Jazz ti aspetta!<\/a><\/p>\n<p>\u00a0<\/p>\n<p>\u00a0<\/p>\n<\/div>\n<div>\n<p><strong>From 13th to 22th July 2018<\/strong>, the main appointment in Umbria with the music is coming: <strong>Umbria Jazz<\/strong> is coming, with its various and rich program.<\/p>\n<p>We do not need to spend many words about the importance of this festival, an adventure started in 1973 that grew up year by year, edition by edition. With Umbria Jazz, the greatest excellences of italian and international jazz music came on Umbrian stages. Anyway we highlight the <strong>care and value of Umbria Jazz &#8220;system&#8221;<\/strong>, which is creating many events to involve more areas and cities of Umbria, looking for a free sharing of music and emotions that comes from the roots of the festival.<\/p>\n<p style=\"text-align: center;\"><a href=\"http:\/\/www.bellaumbria.net\/wp-content\/uploads\/2016\/06\/Umbria-Jazz-Perugia.jpg\"><img decoding=\"async\" loading=\"lazy\" class=\"aligncenter size-full wp-image-71456\" title=\"Umbria Jazz, Perugia\" src=\"http:\/\/www.bellaumbria.net\/wp-content\/uploads\/2016\/06\/Umbria-Jazz-Perugia.jpg\" alt=\"\" width=\"590\" height=\"324\" \/><\/a><\/p>\n<p style=\"text-align: center;\"><a href=\"http:\/\/www.bellaumbria.net\/en\/hotel\/perugia\/\" target=\"_blank\" rel=\"noopener\">>> Do not miss the appointment with Umbria Jazz: enjoy sounds, colours and the atmosphere of an entire city&#8230; Click here to reserve your hotel in Perugia!<\/a><\/p>\n<p>\u00a0<\/p>\n<h2>Umbria Jazz 2018, the PROGRAM OF THE MAIN STAGE<\/h2>\n<p><strong><strong>The frame of Umbria Jazz is as always Perugia<\/strong>,<\/strong> with its prestigious locations and especially with the wonderful <em>Arena Santa Giuliana<\/em><em>. <\/em>Look at the program of the <em>Main Stage<\/em> of the Arena, the most eminent stage of Umbria Jazz!<\/p>\n<p>\u00a0<\/p>\n<h3><strong>ON FRIDAY 13th JULY at 9 pm<\/strong><\/h3>\n<h3><strong>UMBRIA JAZZ 2018 GRAND OPENING &#8211; QUINCY JONES 85thANNIVERSARY CELEBRATION<\/strong><\/h3>\n<p><strong><\/strong>With DEE DEE BRIDGEWATER, NOA, PATTI AUSTIN, TAKE 6, IVAN LINS, ALFREDO RODRIGUEZ, PEDRITO MARTINEZ and PAOLO FRESU;\u00a0UMBRIA JAZZ ORCHESTRA directed by JOHN CLAYTON and QUINCY JONES featuring HARVEY MASON &#038; NATHAN EAST in collaboration with ORCHESTRA DA CAMERA DI PERUGIA<br \/> The opening of the festival is a truly unique event this year, combining the show with a real birthday party. Umbria Jazz celebrates the 85th anniversary of Quincy Jones with a memorable evening that will see this icon of music performing and presenting many guests on stage, many artists and musicians who have worked with him in the past: the star of the American song Patti Austin, the virtuoso of the Jazz vocals Take 6, Dee Dee Bridgewater, Noa, and his historic partner &#8211; the guitarist and composer Gil Dor, a great Brazilian musician, Ivan Lins, and, Alfredo Rodriguez and Pedrito Martinez from Cuba. In addition, there will be Paolo Fresu as special guest.<\/p>\n<p>\u00a0<\/p>\n<h3><strong>ON<\/strong> SATURDAY<strong> 14th JULY at 9 pm<\/strong><\/h3>\n<h3>GILBERTO<strong> GIL<\/strong>\u00a0CON REFAVELA\u00a0<strong><br \/> <\/strong><\/h3>\n<p>Legend of the Brazilian popular music, Gilberto Gil returns to Umbria Jazz to evoke and celebrate the album Rafaela 40, 40 years later its released. It is one of his most beautiful and emotionally involving projects, recorded in 1977 following his participation in the African music festival of Lagos in Nigeria. For this reason, it is also one of the most &#8220;African&#8221; discs of the artist, although full of funk veins and therefore considered a bridge between Africa and Brazil.<\/p>\n<p>\u00a0<\/p>\n<h3><strong>ON<\/strong> SUNDAY<strong> 15th JULY at 9 pm<\/strong><\/h3>\n<h3><strong><\/strong>CAETANO VELOSO Ofertorio<br \/> STEFANO BOLLANI Que Bom<\/h3>\n<p>Stefano Bollani will be on stage with his piano and the Brazil too, for an evening dedicated to his latest album focused on Brazilian music. With Jorge Helder on bass, Jurim Moreira on drums and two percussionists, Armando Mar\u00e7al and Thiago da Serrinha, Bollani will perform with an all-Brazilian band of internationally renowned artists.<\/p>\n<p>\u00a0<\/p>\n<h3><strong>ON<\/strong> MONDAY<strong> 16th JULY at 9 pm<\/strong><\/h3>\n<h3>JOUNG FATHERS<br \/> MASSIVE ATTACK<\/h3>\n<p>A unique special night at Umbria Jazz!<\/p>\n<p>\u00a0<\/p>\n<h3><strong>ON TUESDAY 17th JULY at 9 pm<\/strong><\/h3>\n<h3><strong><\/strong>THE CHAINSMOKERS<\/h3>\n<p>This duo climbed and dominated all the international charts last year, winner of a Grammy as Best New Artist too. They will be on stage at Umbria Jazz for an unmissable summer show: among indie, progressive and pop worlds, the songs of The Chainsmokers have reached the top of the world, rankings over millions of Youtube views and streaming Spotify, making the fans literally go crazy.<\/p>\n<p>\u00a0<\/p>\n<h3><strong>ON<\/strong> WEDNESDAY<strong> 18th JULY at 9 pm<\/strong><\/h3>\n<h3><strong><\/strong>SOMI<\/h3>\n<p>A delicate and innovative artist, able to create a bridge between her African roots and the American jazz &#038; soul scene. This young singer and songwriter has been able to gather the inspirations of different worlds, linking them with her expressive intensity and her ductile and extremely natural vocality. A sort of New African Jazz in which to find echoes of Dianne Reeves, Nina Simone, Dee Dee Bridgewater.<\/p>\n<p>\u00a0<\/p>\n<h3><strong>ON<\/strong> THUSDAY<strong> 19yh JULY at 9 pm<\/strong><\/h3>\n<h3><strong><\/strong>PAT METHENY<\/h3>\n<p>The famous guitarist returns to Umbria with his show &#8220;An evening with Pat Metheny&#8221;, preceded by the opening of Kyle Eastwood Quintet. A special evening that will put together a select group of musicians able to retrace the entire repertoire of Metheny&#8217;s music, such as the Mexican drummer Antonio Sanchez who has been following him since 2000, the English keyboardist Gwilym Simcock, and the Malay contrabassist Linda May Han Oh.<\/p>\n<p>\u00a0<\/p>\n<h3><strong>ON<\/strong> FRIDAY<strong> 20th JULY at 9 pm<\/strong><\/h3>\n<h3><strong><\/strong>DAVID<strong> BYRNE<\/strong><\/h3>\n<p>The founder of Talking Heads, a complete artist with a multifaceted talent (he is a record producer, a photographer, a director, a musician) who won an Oscar and a Golden Globe for the soundtrack of &#8220;L&#8217;Ultimo Imperatore&#8221; in 1988 and 2 David di Donatello in 2012. He will be on stage at Umbria Jazz in Perugia with a wide-ranging show where the public can find all his art.<\/p>\n<p>\u00a0<\/p>\n<h3><strong>ON<\/strong> SATURDAY<strong> 21nd JULY at 9 pm<\/strong><\/h3>\n<h3><strong><\/strong>MARIO<strong> BIONDI<\/strong><\/h3>\n<p>One of the most popular artists of the Umbria Jazz audience, returns for this 45th edition. Mario Biondi performs a few months after the release of Brasil, his latest work dedicated to Brazilian popular music.<\/p>\n<p>\u00a0<\/p>\n<h3><strong>ON<\/strong> SUNDAY<strong> 22th JULY at 8:45 pm<\/strong><\/h3>\n<h3><strong><\/strong>GREGORY<strong> PORTER &#8211; A NAT KING COLE TRIBUTE NIGHT<strong><br \/> <\/strong><\/strong><\/h3>\n<p>Gregory Porter presents live his tribute to Nat King Cole, the focus of his latest album released a few months ago. A tribute felt and strongly desired, because the great crooner was one of the first inspiration of Porter, accomplices the records that his mother made him listen to as a child. The Umbria Jazz 2018 closes with this concert that incorporates the formula of the disc thanks to &#8211; for one only Italian date &#8211; an orchestra arranged and directed by Vince Mendoza, based on the nucleus of young musicians who gave life to the Umbria Jazz Orchestra, enriched by others winds and a string section.<\/p>\n<p><a href=\"http:\/\/www.bellaumbria.net\/it\/eventi\/umbria-jazz-a-perugia\/attachment\/umbria-jazz-arena\/\" rel=\"attachment wp-att-77726\"><img decoding=\"async\" loading=\"lazy\" class=\"aligncenter size-full wp-image-77726\" title=\"Umbria Jazz, arena\" src=\"http:\/\/www.bellaumbria.net\/wp-content\/uploads\/2016\/06\/Umbria-Jazz-arena.jpg\" alt=\"\" width=\"590\" height=\"324\" \/><\/a><\/p>\n<p style=\"text-align: center;\"><a href=\"http:\/\/www.bellaumbria.net\/en\/farm-houses\/perugia\/\" target=\"_blank\" rel=\"noopener\">>> Umbria Jazz is waiting for you with the best of national and international jazz music scene&#8230; Look at the best farmhouses of the area and organize your holiday during Umbria Jazz<\/a><\/p>\n<p>\u00a0<\/p>\n<h2><span style=\"color: #008000;\">And there is more: find out the complete program!<\/span><\/h2>\n<p>The Festival is involving all the city with many events in many different locations, symbols of the city itself: from the <em>cental streets<\/em> to the <em>Carducci Gardens<\/em>, from the <em>Morlacchi Theather<\/em> to the main square <em>Piazza IVNovembre<\/em>.<\/p>\n<p>The program of Umbria Jazz is rich of <strong>concerts, meetings and initiatives<\/strong> where music is always the protagonist. In addicion, enjoy the best <strong>Umbrian gastronomy<\/strong> with the jazz lunches, the appetizers in music and the outdoor restaurant at the Arena, for a perfect mix of great cuisine and great music.<\/p>\n<p>\u00a0<\/p>\n<p style=\"text-align: center;\"><span style=\"color: #008000;\"><strong>Open the attachment at the bottom of the page to find the COMPLETE PROGRAM OF UMBRIA JAZZ!<\/strong><\/span><\/p>\n<p style=\"text-align: center;\">\u00a0<a href=\"http:\/\/www.bellaumbria.net\/wp-content\/uploads\/2016\/06\/Umbria-Jazz-2018.png\"><img decoding=\"async\" loading=\"lazy\" title=\"Umbria Jazz 2018\" src=\"http:\/\/www.bellaumbria.net\/wp-content\/uploads\/2016\/06\/Umbria-Jazz-2018.png\" alt=\"\" width=\"380\" height=\"581\" \/><\/a><\/p>\n<p style=\"text-align: center;\"><a href=\"http:\/\/www.bellaumbria.net\/en\/special-offers\/\" target=\"_blank\" rel=\"noopener\">\u00a0>> There are many offers to stay in Umbria! Discover them, Umbria Jazz is ready for you!<\/a><\/p>\n<\/div>\n<div style=\"display:none\">\n<p><strong>From 13th to 22th July 2018<\/strong>, the main appointment in Umbria with the music is coming: <strong>Umbria Jazz<\/strong> is coming, with its various and rich program.<\/p>\n<p>We do not need to spend many words about the importance of this festival, an adventure started in 1973 that grew up year by year, edition by edition. With Umbria Jazz, the greatest excellences of italian and international jazz music came on Umbrian stages. Anyway we highlight the <strong>care and value of Umbria Jazz &#8220;system&#8221;<\/strong>, which is creating many events to involve more areas and cities of Umbria, looking for a free sharing of music and emotions that comes from the roots of the festival.<\/p>\n<p style=\"text-align: center;\"><a href=\"http:\/\/www.bellaumbria.net\/wp-content\/uploads\/2016\/06\/Umbria-Jazz-Perugia.jpg\"><img decoding=\"async\" loading=\"lazy\" class=\"aligncenter size-full wp-image-71456\" title=\"Umbria Jazz, Perugia\" src=\"http:\/\/www.bellaumbria.net\/wp-content\/uploads\/2016\/06\/Umbria-Jazz-Perugia.jpg\" alt=\"\" width=\"590\" height=\"324\" \/><\/a><\/p>\n<p style=\"text-align: center;\"><a href=\"http:\/\/www.bellaumbria.net\/en\/hotel\/perugia\/\" target=\"_blank\" rel=\"noopener\">>> Do not miss the appointment with Umbria Jazz: enjoy sounds, colours and the atmosphere of an entire city&#8230; Click here to reserve your hotel in Perugia!<\/a><\/p>\n<p>\u00a0<\/p>\n<h2>Umbria Jazz 2018, the PROGRAM OF THE MAIN STAGE<\/h2>\n<p><strong><strong>The frame of Umbria Jazz is as always Perugia<\/strong>,<\/strong> with its prestigious locations and especially with the wonderful <em>Arena Santa Giuliana<\/em><em>. <\/em>Look at the program of the <em>Main Stage<\/em> of the Arena, the most eminent stage of Umbria Jazz!<\/p>\n<p>\u00a0<\/p>\n<h3><strong>ON FRIDAY 13th JULY at 9 pm<\/strong><\/h3>\n<h3><strong>UMBRIA JAZZ 2018 GRAND OPENING &#8211; QUINCY JONES 85thANNIVERSARY CELEBRATION<\/strong><\/h3>\n<p><strong><\/strong>With DEE DEE BRIDGEWATER, NOA, PATTI AUSTIN, TAKE 6, IVAN LINS, ALFREDO RODRIGUEZ, PEDRITO MARTINEZ and PAOLO FRESU;\u00a0UMBRIA JAZZ ORCHESTRA directed by JOHN CLAYTON and QUINCY JONES featuring HARVEY MASON &#038; NATHAN EAST in collaboration with ORCHESTRA DA CAMERA DI PERUGIA<br \/> The opening of the festival is a truly unique event this year, combining the show with a real birthday party. Umbria Jazz celebrates the 85th anniversary of Quincy Jones with a memorable evening that will see this icon of music performing and presenting many guests on stage, many artists and musicians who have worked with him in the past: the star of the American song Patti Austin, the virtuoso of the Jazz vocals Take 6, Dee Dee Bridgewater, Noa, and his historic partner &#8211; the guitarist and composer Gil Dor, a great Brazilian musician, Ivan Lins, and, Alfredo Rodriguez and Pedrito Martinez from Cuba. In addition, there will be Paolo Fresu as special guest.<\/p>\n<p>\u00a0<\/p>\n<h3><strong>ON<\/strong> SATURDAY<strong> 14th JULY at 9 pm<\/strong><\/h3>\n<h3>GILBERTO<strong> GIL<\/strong>\u00a0CON REFAVELA\u00a0<strong><br \/> <\/strong><\/h3>\n<p>Legend of the Brazilian popular music, Gilberto Gil returns to Umbria Jazz to evoke and celebrate the album Rafaela 40, 40 years later its released. It is one of his most beautiful and emotionally involving projects, recorded in 1977 following his participation in the African music festival of Lagos in Nigeria. For this reason, it is also one of the most &#8220;African&#8221; discs of the artist, although full of funk veins and therefore considered a bridge between Africa and Brazil.<\/p>\n<p>\u00a0<\/p>\n<h3><strong>ON<\/strong> SUNDAY<strong> 15th JULY at 9 pm<\/strong><\/h3>\n<h3><strong><\/strong>CAETANO VELOSO Ofertorio<br \/> STEFANO BOLLANI Que Bom<\/h3>\n<p>Stefano Bollani will be on stage with his piano and the Brazil too, for an evening dedicated to his latest album focused on Brazilian music. With Jorge Helder on bass, Jurim Moreira on drums and two percussionists, Armando Mar\u00e7al and Thiago da Serrinha, Bollani will perform with an all-Brazilian band of internationally renowned artists.<\/p>\n<p>\u00a0<\/p>\n<h3><strong>ON<\/strong> MONDAY<strong> 16th JULY at 9 pm<\/strong><\/h3>\n<h3>JOUNG FATHERS<br \/> MASSIVE ATTACK<\/h3>\n<p>A unique special night at Umbria Jazz!<\/p>\n<p>\u00a0<\/p>\n<h3><strong>ON TUESDAY 17th JULY at 9 pm<\/strong><\/h3>\n<h3><strong><\/strong>THE CHAINSMOKERS<\/h3>\n<p>This duo climbed and dominated all the international charts last year, winner of a Grammy as Best New Artist too. They will be on stage at Umbria Jazz for an unmissable summer show: among indie, progressive and pop worlds, the songs of The Chainsmokers have reached the top of the world, rankings over millions of Youtube views and streaming Spotify, making the fans literally go crazy.<\/p>\n<p>\u00a0<\/p>\n<h3><strong>ON<\/strong> WEDNESDAY<strong> 18th JULY at 9 pm<\/strong><\/h3>\n<h3><strong><\/strong>SOMI<\/h3>\n<p>A delicate and innovative artist, able to create a bridge between her African roots and the American jazz &#038; soul scene. This young singer and songwriter has been able to gather the inspirations of different worlds, linking them with her expressive intensity and her ductile and extremely natural vocality. A sort of New African Jazz in which to find echoes of Dianne Reeves, Nina Simone, Dee Dee Bridgewater.<\/p>\n<p>\u00a0<\/p>\n<h3><strong>ON<\/strong> THUSDAY<strong> 19yh JULY at 9 pm<\/strong><\/h3>\n<h3><strong><\/strong>PAT METHENY<\/h3>\n<p>The famous guitarist returns to Umbria with his show &#8220;An evening with Pat Metheny&#8221;, preceded by the opening of Kyle Eastwood Quintet. A special evening that will put together a select group of musicians able to retrace the entire repertoire of Metheny&#8217;s music, such as the Mexican drummer Antonio Sanchez who has been following him since 2000, the English keyboardist Gwilym Simcock, and the Malay contrabassist Linda May Han Oh.<\/p>\n<p>\u00a0<\/p>\n<h3><strong>ON<\/strong> FRIDAY<strong> 20th JULY at 9 pm<\/strong><\/h3>\n<h3><strong><\/strong>DAVID<strong> BYRNE<\/strong><\/h3>\n<p>The founder of Talking Heads, a complete artist with a multifaceted talent (he is a record producer, a photographer, a director, a musician) who won an Oscar and a Golden Globe for the soundtrack of &#8220;L&#8217;Ultimo Imperatore&#8221; in 1988 and 2 David di Donatello in 2012. He will be on stage at Umbria Jazz in Perugia with a wide-ranging show where the public can find all his art.<\/p>\n<p>\u00a0<\/p>\n<h3><strong>ON<\/strong> SATURDAY<strong> 21nd JULY at 9 pm<\/strong><\/h3>\n<h3><strong><\/strong>MARIO<strong> BIONDI<\/strong><\/h3>\n<p>One of the most popular artists of the Umbria Jazz audience, returns for this 45th edition. Mario Biondi performs a few months after the release of Brasil, his latest work dedicated to Brazilian popular music.<\/p>\n<p>\u00a0<\/p>\n<h3><strong>ON<\/strong> SUNDAY<strong> 22th JULY at 8:45 pm<\/strong><\/h3>\n<h3><strong><\/strong>GREGORY<strong> PORTER &#8211; A NAT KING COLE TRIBUTE NIGHT<strong><br \/> <\/strong><\/strong><\/h3>\n<p>Gregory Porter presents live his tribute to Nat King Cole, the focus of his latest album released a few months ago. A tribute felt and strongly desired, because the great crooner was one of the first inspiration of Porter, accomplices the records that his mother made him listen to as a child. The Umbria Jazz 2018 closes with this concert that incorporates the formula of the disc thanks to &#8211; for one only Italian date &#8211; an orchestra arranged and directed by Vince Mendoza, based on the nucleus of young musicians who gave life to the Umbria Jazz Orchestra, enriched by others winds and a string section.<\/p>\n<p style=\"text-align: center;\"><a href=\"http:\/\/www.bellaumbria.net\/wp-content\/uploads\/2016\/06\/Pubblico-allUmbria-Jazz.jpg\"><img decoding=\"async\" loading=\"lazy\" class=\"aligncenter size-full wp-image-71457\" title=\"Pubblico all'Umbria Jazz\" src=\"http:\/\/www.bellaumbria.net\/wp-content\/uploads\/2016\/06\/Pubblico-allUmbria-Jazz.jpg\" alt=\"\" width=\"590\" height=\"324\" \/><\/a><\/p>\n<p style=\"text-align: center;\"><a href=\"http:\/\/www.bellaumbria.net\/en\/farm-houses\/perugia\/\" target=\"_blank\" rel=\"noopener\">>> Umbria Jazz is waiting for you with the best of national and international jazz music scene&#8230; Look at the best farmhouses of the area and organize your holiday during Umbria Jazz<\/a><\/p>\n<p>\u00a0<\/p>\n<h2><span style=\"color: #008000;\">And there is more: find out the complete program!<\/span><\/h2>\n<p>The Festival is involving all the city with many events in many different locations, symbols of the city itself: from the <em>cental streets<\/em> to the <em>Carducci Gardens<\/em>, from the <em>Morlacchi Theather<\/em> to the main square <em>Piazza IVNovembre<\/em>.<\/p>\n<p>The program of Umbria Jazz is rich of <strong>concerts, meetings and initiatives<\/strong> where music is always the protagonist. In addicion, enjoy the best <strong>Umbrian gastronomy<\/strong> with the jazz lunches, the appetizers in music and the outdoor restaurant at the Arena, for a perfect mix of great cuisine and great music.<\/p>\n<p>\u00a0<\/p>\n<p style=\"text-align: center;\"><span style=\"color: #008000;\"><strong>Open the attachment at the bottom of the page to find the COMPLETE PROGRAM OF UMBRIA JAZZ!<\/strong><\/span><\/p>\n<p style=\"text-align: center;\">\u00a0<a href=\"http:\/\/www.bellaumbria.net\/wp-content\/uploads\/2016\/06\/Umbria-Jazz-2018.png\"><img decoding=\"async\" loading=\"lazy\" title=\"Umbria Jazz 2018\" src=\"http:\/\/www.bellaumbria.net\/wp-content\/uploads\/2016\/06\/Umbria-Jazz-2018.png\" alt=\"\" width=\"380\" height=\"581\" \/><\/a><\/p>\n<p style=\"text-align: center;\"><a href=\"http:\/\/www.bellaumbria.net\/en\/special-offers\/\" target=\"_blank\" rel=\"noopener\">\u00a0>> There are many offers to stay in Umbria! Discover them, Umbria Jazz is ready for you!<\/a><\/p>\n<\/div>\n<div style=\"display:none\">\n<p><strong>From 13th to 22th July 2018<\/strong>, the main appointment in Umbria with the music is coming: <strong>Umbria Jazz<\/strong> is coming, with its various and rich program.<\/p>\n<p>We do not need to spend many words about the importance of this festival, an adventure started in 1973 that grew up year by year, edition by edition. With Umbria Jazz, the greatest excellences of italian and international jazz music came on Umbrian stages. Anyway we highlight the <strong>care and value of Umbria Jazz &#8220;system&#8221;<\/strong>, which is creating many events to involve more areas and cities of Umbria, looking for a free sharing of music and emotions that comes from the roots of the festival.<\/p>\n<p style=\"text-align: center;\"><a href=\"http:\/\/www.bellaumbria.net\/wp-content\/uploads\/2016\/06\/Umbria-Jazz-Perugia.jpg\"><img decoding=\"async\" loading=\"lazy\" class=\"aligncenter size-full wp-image-71456\" title=\"Umbria Jazz, Perugia\" src=\"http:\/\/www.bellaumbria.net\/wp-content\/uploads\/2016\/06\/Umbria-Jazz-Perugia.jpg\" alt=\"\" width=\"590\" height=\"324\" \/><\/a><\/p>\n<p style=\"text-align: center;\"><a href=\"http:\/\/www.bellaumbria.net\/en\/hotel\/perugia\/\" target=\"_blank\" rel=\"noopener\">>> Do not miss the appointment with Umbria Jazz: enjoy sounds, colours and the atmosphere of an entire city&#8230; Click here to reserve your hotel in Perugia!<\/a><\/p>\n<p>\u00a0<\/p>\n<h2>Umbria Jazz 2018, the PROGRAM OF THE MAIN STAGE<\/h2>\n<p><strong><strong>The frame of Umbria Jazz is as always Perugia<\/strong>,<\/strong> with its prestigious locations and especially with the wonderful <em>Arena Santa Giuliana<\/em><em>. <\/em>Look at the program of the <em>Main Stage<\/em> of the Arena, the most eminent stage of Umbria Jazz!<\/p>\n<p>\u00a0<\/p>\n<h3><strong>ON FRIDAY 13th JULY at 9 pm<\/strong><\/h3>\n<h3><strong>UMBRIA JAZZ 2018 GRAND OPENING &#8211; QUINCY JONES 85thANNIVERSARY CELEBRATION<\/strong><\/h3>\n<p><strong><\/strong>With DEE DEE BRIDGEWATER, NOA, PATTI AUSTIN, TAKE 6, IVAN LINS, ALFREDO RODRIGUEZ, PEDRITO MARTINEZ and PAOLO FRESU;\u00a0UMBRIA JAZZ ORCHESTRA directed by JOHN CLAYTON and QUINCY JONES featuring HARVEY MASON &#038; NATHAN EAST in collaboration with ORCHESTRA DA CAMERA DI PERUGIA<br \/> The opening of the festival is a truly unique event this year, combining the show with a real birthday party. Umbria Jazz celebrates the 85th anniversary of Quincy Jones with a memorable evening that will see this icon of music performing and presenting many guests on stage, many artists and musicians who have worked with him in the past: the star of the American song Patti Austin, the virtuoso of the Jazz vocals Take 6, Dee Dee Bridgewater, Noa, and his historic partner &#8211; the guitarist and composer Gil Dor, a great Brazilian musician, Ivan Lins, and, Alfredo Rodriguez and Pedrito Martinez from Cuba. In addition, there will be Paolo Fresu as special guest.<\/p>\n<p>\u00a0<\/p>\n<h3><strong>ON<\/strong> SATURDAY<strong> 14th JULY at 9 pm<\/strong><\/h3>\n<h3>GILBERTO<strong> GIL<\/strong>\u00a0CON REFAVELA\u00a0<strong><br \/> <\/strong><\/h3>\n<p>Legend of the Brazilian popular music, Gilberto Gil returns to Umbria Jazz to evoke and celebrate the album Rafaela 40, 40 years later its released. It is one of his most beautiful and emotionally involving projects, recorded in 1977 following his participation in the African music festival of Lagos in Nigeria. For this reason, it is also one of the most &#8220;African&#8221; discs of the artist, although full of funk veins and therefore considered a bridge between Africa and Brazil.<\/p>\n<p>\u00a0<\/p>\n<h3><strong>ON<\/strong> SUNDAY<strong> 15th JULY at 9 pm<\/strong><\/h3>\n<h3><strong><\/strong>CAETANO VELOSO Ofertorio<br \/> STEFANO BOLLANI Que Bom<\/h3>\n<p>Stefano Bollani will be on stage with his piano and the Brazil too, for an evening dedicated to his latest album focused on Brazilian music. With Jorge Helder on bass, Jurim Moreira on drums and two percussionists, Armando Mar\u00e7al and Thiago da Serrinha, Bollani will perform with an all-Brazilian band of internationally renowned artists.<\/p>\n<p>\u00a0<\/p>\n<h3><strong>ON<\/strong> MONDAY<strong> 16th JULY at 9 pm<\/strong><\/h3>\n<h3>JOUNG FATHERS<br \/> MASSIVE ATTACK<\/h3>\n<p>A unique special night at Umbria Jazz!<\/p>\n<p>\u00a0<\/p>\n<h3><strong>ON TUESDAY 17th JULY at 9 pm<\/strong><\/h3>\n<h3><strong><\/strong>THE CHAINSMOKERS<\/h3>\n<p>This duo climbed and dominated all the international charts last year, winner of a Grammy as Best New Artist too. They will be on stage at Umbria Jazz for an unmissable summer show: among indie, progressive and pop worlds, the songs of The Chainsmokers have reached the top of the world, rankings over millions of Youtube views and streaming Spotify, making the fans literally go crazy.<\/p>\n<p>\u00a0<\/p>\n<h3><strong>ON<\/strong> WEDNESDAY<strong> 18th JULY at 9 pm<\/strong><\/h3>\n<h3><strong><\/strong>SOMI<\/h3>\n<p>A delicate and innovative artist, able to create a bridge between her African roots and the American jazz &#038; soul scene. This young singer and songwriter has been able to gather the inspirations of different worlds, linking them with her expressive intensity and her ductile and extremely natural vocality. A sort of New African Jazz in which to find echoes of Dianne Reeves, Nina Simone, Dee Dee Bridgewater.<\/p>\n<p>\u00a0<\/p>\n<h3><strong>ON<\/strong> THUSDAY<strong> 19yh JULY at 9 pm<\/strong><\/h3>\n<h3><strong><\/strong>PAT METHENY<\/h3>\n<p>The famous guitarist returns to Umbria with his show &#8220;An evening with Pat Metheny&#8221;, preceded by the opening of Kyle Eastwood Quintet. A special evening that will put together a select group of musicians able to retrace the entire repertoire of Metheny&#8217;s music, such as the Mexican drummer Antonio Sanchez who has been following him since 2000, the English keyboardist Gwilym Simcock, and the Malay contrabassist Linda May Han Oh.<\/p>\n<p>\u00a0<\/p>\n<h3><strong>ON<\/strong> FRIDAY<strong> 20th JULY at 9 pm<\/strong><\/h3>\n<h3><strong><\/strong>DAVID<strong> BYRNE<\/strong><\/h3>\n<p>The founder of Talking Heads, a complete artist with a multifaceted talent (he is a record producer, a photographer, a director, a musician) who won an Oscar and a Golden Globe for the soundtrack of &#8220;L&#8217;Ultimo Imperatore&#8221; in 1988 and 2 David di Donatello in 2012. He will be on stage at Umbria Jazz in Perugia with a wide-ranging show where the public can find all his art.<\/p>\n<p>\u00a0<\/p>\n<h3><strong>ON<\/strong> SATURDAY<strong> 21nd JULY at 9 pm<\/strong><\/h3>\n<h3><strong><\/strong>MARIO<strong> BIONDI<\/strong><\/h3>\n<p>One of the most popular artists of the Umbria Jazz audience, returns for this 45th edition. Mario Biondi performs a few months after the release of Brasil, his latest work dedicated to Brazilian popular music.<\/p>\n<p>\u00a0<\/p>\n<h3><strong>ON<\/strong> SUNDAY<strong> 22th JULY at 8:45 pm<\/strong><\/h3>\n<h3><strong><\/strong>GREGORY<strong> PORTER &#8211; A NAT KING COLE TRIBUTE NIGHT<strong><br \/> <\/strong><\/strong><\/h3>\n<p>Gregory Porter presents live his tribute to Nat King Cole, the focus of his latest album released a few months ago. A tribute felt and strongly desired, because the great crooner was one of the first inspiration of Porter, accomplices the records that his mother made him listen to as a child. The Umbria Jazz 2018 closes with this concert that incorporates the formula of the disc thanks to &#8211; for one only Italian date &#8211; an orchestra arranged and directed by Vince Mendoza, based on the nucleus of young musicians who gave life to the Umbria Jazz Orchestra, enriched by others winds and a string section.<\/p>\n<p style=\"text-align: center;\"><a href=\"http:\/\/www.bellaumbria.net\/wp-content\/uploads\/2016\/06\/Pubblico-allUmbria-Jazz.jpg\"><img decoding=\"async\" loading=\"lazy\" class=\"aligncenter size-full wp-image-71457\" title=\"Pubblico all'Umbria Jazz\" src=\"http:\/\/www.bellaumbria.net\/wp-content\/uploads\/2016\/06\/Pubblico-allUmbria-Jazz.jpg\" alt=\"\" width=\"590\" height=\"324\" \/><\/a><\/p>\n<p style=\"text-align: center;\"><a href=\"http:\/\/www.bellaumbria.net\/en\/farm-houses\/perugia\/\" target=\"_blank\" rel=\"noopener\">>> Umbria Jazz is waiting for you with the best of national and international jazz music scene&#8230; Look at the best farmhouses of the area and organize your holiday during Umbria Jazz<\/a><\/p>\n<p>\u00a0<\/p>\n<h2><span style=\"color: #008000;\">And there is more: find out the complete program!<\/span><\/h2>\n<p>The Festival is involving all the city with many events in many different locations, symbols of the city itself: from the <em>cental streets<\/em> to the <em>Carducci Gardens<\/em>, from the <em>Morlacchi Theather<\/em> to the main square <em>Piazza IVNovembre<\/em>.<\/p>\n<p>The program of Umbria Jazz is rich of <strong>concerts, meetings and initiatives<\/strong> where music is always the protagonist. In addicion, enjoy the best <strong>Umbrian gastronomy<\/strong> with the jazz lunches, the appetizers in music and the outdoor restaurant at the Arena, for a perfect mix of great cuisine and great music.<\/p>\n<p>\u00a0<\/p>\n<p style=\"text-align: center;\"><span style=\"color: #008000;\"><strong>Open the attachment at the bottom of the page to find the COMPLETE PROGRAM OF UMBRIA JAZZ!<\/strong><\/span><\/p>\n<p style=\"text-align: center;\">\u00a0<a href=\"http:\/\/www.bellaumbria.net\/wp-content\/uploads\/2016\/06\/Umbria-Jazz-2018.png\"><img decoding=\"async\" loading=\"lazy\" title=\"Umbria Jazz 2018\" src=\"http:\/\/www.bellaumbria.net\/wp-content\/uploads\/2016\/06\/Umbria-Jazz-2018.png\" alt=\"\" width=\"380\" height=\"581\" \/><\/a><\/p>\n<p style=\"text-align: center;\"><a href=\"http:\/\/www.bellaumbria.net\/en\/special-offers\/\" target=\"_blank\" rel=\"noopener\">\u00a0>> There are many offers to stay in Umbria! Discover them, Umbria Jazz is ready for you!<\/a><\/p>\n<\/div>\n<div style=\"display:none\">\n<p><strong>From 13th to 22th July 2018<\/strong>, the main appointment in Umbria with the music is coming: <strong>Umbria Jazz<\/strong> is coming, with its various and rich program.<\/p>\n<p>We do not need to spend many words about the importance of this festival, an adventure started in 1973 that grew up year by year, edition by edition. With Umbria Jazz, the greatest excellences of italian and international jazz music came on Umbrian stages. Anyway we highlight the <strong>care and value of Umbria Jazz &#8220;system&#8221;<\/strong>, which is creating many events to involve more areas and cities of Umbria, looking for a free sharing of music and emotions that comes from the roots of the festival.<\/p>\n<p style=\"text-align: center;\"><a href=\"http:\/\/www.bellaumbria.net\/wp-content\/uploads\/2016\/06\/Umbria-Jazz-Perugia.jpg\"><img decoding=\"async\" loading=\"lazy\" class=\"aligncenter size-full wp-image-71456\" title=\"Umbria Jazz, Perugia\" src=\"http:\/\/www.bellaumbria.net\/wp-content\/uploads\/2016\/06\/Umbria-Jazz-Perugia.jpg\" alt=\"\" width=\"590\" height=\"324\" \/><\/a><\/p>\n<p style=\"text-align: center;\"><a href=\"http:\/\/www.bellaumbria.net\/en\/hotel\/perugia\/\" target=\"_blank\" rel=\"noopener\">>> Do not miss the appointment with Umbria Jazz: enjoy sounds, colours and the atmosphere of an entire city&#8230; Click here to reserve your hotel in Perugia!<\/a><\/p>\n<p>\u00a0<\/p>\n<h2>Umbria Jazz 2018, the PROGRAM OF THE MAIN STAGE<\/h2>\n<p><strong><strong>The frame of Umbria Jazz is as always Perugia<\/strong>,<\/strong> with its prestigious locations and especially with the wonderful <em>Arena Santa Giuliana<\/em><em>. <\/em>Look at the program of the <em>Main Stage<\/em> of the Arena, the most eminent stage of Umbria Jazz!<\/p>\n<p>\u00a0<\/p>\n<h3><strong>ON FRIDAY 13th JULY at 9 pm<\/strong><\/h3>\n<h3><strong>UMBRIA JAZZ 2018 GRAND OPENING &#8211; QUINCY JONES 85thANNIVERSARY CELEBRATION<\/strong><\/h3>\n<p><strong><\/strong>With DEE DEE BRIDGEWATER, NOA, PATTI AUSTIN, TAKE 6, IVAN LINS, ALFREDO RODRIGUEZ, PEDRITO MARTINEZ and PAOLO FRESU;\u00a0UMBRIA JAZZ ORCHESTRA directed by JOHN CLAYTON and QUINCY JONES featuring HARVEY MASON &#038; NATHAN EAST in collaboration with ORCHESTRA DA CAMERA DI PERUGIA<br \/> The opening of the festival is a truly unique event this year, combining the show with a real birthday party. Umbria Jazz celebrates the 85th anniversary of Quincy Jones with a memorable evening that will see this icon of music performing and presenting many guests on stage, many artists and musicians who have worked with him in the past: the star of the American song Patti Austin, the virtuoso of the Jazz vocals Take 6, Dee Dee Bridgewater, Noa, and his historic partner &#8211; the guitarist and composer Gil Dor, a great Brazilian musician, Ivan Lins, and, Alfredo Rodriguez and Pedrito Martinez from Cuba. In addition, there will be Paolo Fresu as special guest.<\/p>\n<p>\u00a0<\/p>\n<h3><strong>ON<\/strong> SATURDAY<strong> 14th JULY at 9 pm<\/strong><\/h3>\n<h3>GILBERTO<strong> GIL<\/strong>\u00a0CON REFAVELA\u00a0<strong><br \/> <\/strong><\/h3>\n<p>Legend of the Brazilian popular music, Gilberto Gil returns to Umbria Jazz to evoke and celebrate the album Rafaela 40, 40 years later its released. It is one of his most beautiful and emotionally involving projects, recorded in 1977 following his participation in the African music festival of Lagos in Nigeria. For this reason, it is also one of the most &#8220;African&#8221; discs of the artist, although full of funk veins and therefore considered a bridge between Africa and Brazil.<\/p>\n<p>\u00a0<\/p>\n<h3><strong>ON<\/strong> SUNDAY<strong> 15th JULY at 9 pm<\/strong><\/h3>\n<h3><strong><\/strong>CAETANO VELOSO Ofertorio<br \/> STEFANO BOLLANI Que Bom<\/h3>\n<p>Stefano Bollani will be on stage with his piano and the Brazil too, for an evening dedicated to his latest album focused on Brazilian music. With Jorge Helder on bass, Jurim Moreira on drums and two percussionists, Armando Mar\u00e7al and Thiago da Serrinha, Bollani will perform with an all-Brazilian band of internationally renowned artists.<\/p>\n<p>\u00a0<\/p>\n<h3><strong>ON<\/strong> MONDAY<strong> 16th JULY at 9 pm<\/strong><\/h3>\n<h3>JOUNG FATHERS<br \/> MASSIVE ATTACK<\/h3>\n<p>A unique special night at Umbria Jazz!<\/p>\n<p>\u00a0<\/p>\n<h3><strong>ON TUESDAY 17th JULY at 9 pm<\/strong><\/h3>\n<h3><strong><\/strong>THE CHAINSMOKERS<\/h3>\n<p>This duo climbed and dominated all the international charts last year, winner of a Grammy as Best New Artist too. They will be on stage at Umbria Jazz for an unmissable summer show: among indie, progressive and pop worlds, the songs of The Chainsmokers have reached the top of the world, rankings over millions of Youtube views and streaming Spotify, making the fans literally go crazy.<\/p>\n<p>\u00a0<\/p>\n<h3><strong>ON<\/strong> WEDNESDAY<strong> 18th JULY at 9 pm<\/strong><\/h3>\n<h3><strong><\/strong>SOMI<\/h3>\n<p>A delicate and innovative artist, able to create a bridge between her African roots and the American jazz &#038; soul scene. This young singer and songwriter has been able to gather the inspirations of different worlds, linking them with her expressive intensity and her ductile and extremely natural vocality. A sort of New African Jazz in which to find echoes of Dianne Reeves, Nina Simone, Dee Dee Bridgewater.<\/p>\n<p>\u00a0<\/p>\n<h3><strong>ON<\/strong> THUSDAY<strong> 19yh JULY at 9 pm<\/strong><\/h3>\n<h3><strong><\/strong>PAT METHENY<\/h3>\n<p>The famous guitarist returns to Umbria with his show &#8220;An evening with Pat Metheny&#8221;, preceded by the opening of Kyle Eastwood Quintet. A special evening that will put together a select group of musicians able to retrace the entire repertoire of Metheny&#8217;s music, such as the Mexican drummer Antonio Sanchez who has been following him since 2000, the English keyboardist Gwilym Simcock, and the Malay contrabassist Linda May Han Oh.<\/p>\n<p>\u00a0<\/p>\n<h3><strong>ON<\/strong> FRIDAY<strong> 20th JULY at 9 pm<\/strong><\/h3>\n<h3><strong><\/strong>DAVID<strong> BYRNE<\/strong><\/h3>\n<p>The founder of Talking Heads, a complete artist with a multifaceted talent (he is a record producer, a photographer, a director, a musician) who won an Oscar and a Golden Globe for the soundtrack of &#8220;L&#8217;Ultimo Imperatore&#8221; in 1988 and 2 David di Donatello in 2012. He will be on stage at Umbria Jazz in Perugia with a wide-ranging show where the public can find all his art.<\/p>\n<p>\u00a0<\/p>\n<h3><strong>ON<\/strong> SATURDAY<strong> 21nd JULY at 9 pm<\/strong><\/h3>\n<h3><strong><\/strong>MARIO<strong> BIONDI<\/strong><\/h3>\n<p>One of the most popular artists of the Umbria Jazz audience, returns for this 45th edition. Mario Biondi performs a few months after the release of Brasil, his latest work dedicated to Brazilian popular music.<\/p>\n<p>\u00a0<\/p>\n<h3><strong>ON<\/strong> SUNDAY<strong> 22th JULY at 8:45 pm<\/strong><\/h3>\n<h3><strong><\/strong>GREGORY<strong> PORTER &#8211; A NAT KING COLE TRIBUTE NIGHT<strong><br \/> <\/strong><\/strong><\/h3>\n<p>Gregory Porter presents live his tribute to Nat King Cole, the focus of his latest album released a few months ago. A tribute felt and strongly desired, because the great crooner was one of the first inspiration of Porter, accomplices the records that his mother made him listen to as a child. The Umbria Jazz 2018 closes with this concert that incorporates the formula of the disc thanks to &#8211; for one only Italian date &#8211; an orchestra arranged and directed by Vince Mendoza, based on the nucleus of young musicians who gave life to the Umbria Jazz Orchestra, enriched by others winds and a string section.<\/p>\n<p style=\"text-align: center;\"><a href=\"http:\/\/www.bellaumbria.net\/wp-content\/uploads\/2016\/06\/Pubblico-allUmbria-Jazz.jpg\"><img decoding=\"async\" loading=\"lazy\" class=\"aligncenter size-full wp-image-71457\" title=\"Pubblico all'Umbria Jazz\" src=\"http:\/\/www.bellaumbria.net\/wp-content\/uploads\/2016\/06\/Pubblico-allUmbria-Jazz.jpg\" alt=\"\" width=\"590\" height=\"324\" \/><\/a><\/p>\n<p style=\"text-align: center;\"><a href=\"http:\/\/www.bellaumbria.net\/en\/farm-houses\/perugia\/\" target=\"_blank\" rel=\"noopener\">>> Umbria Jazz is waiting for you with the best of national and international jazz music scene&#8230; Look at the best farmhouses of the area and organize your holiday during Umbria Jazz<\/a><\/p>\n<p>\u00a0<\/p>\n<h2><span style=\"color: #008000;\">And there is more: find out the complete program!<\/span><\/h2>\n<p>The Festival is involving all the city with many events in many different locations, symbols of the city itself: from the <em>cental streets<\/em> to the <em>Carducci Gardens<\/em>, from the <em>Morlacchi Theather<\/em> to the main square <em>Piazza IVNovembre<\/em>.<\/p>\n<p>The program of Umbria Jazz is rich of <strong>concerts, meetings and initiatives<\/strong> where music is always the protagonist. In addicion, enjoy the best <strong>Umbrian gastronomy<\/strong> with the jazz lunches, the appetizers in music and the outdoor restaurant at the Arena, for a perfect mix of great cuisine and great music.<\/p>\n<p>\u00a0<\/p>\n<p style=\"text-align: center;\"><span style=\"color: #008000;\"><strong>Open the attachment at the bottom of the page to find the COMPLETE PROGRAM OF UMBRIA JAZZ!<\/strong><\/span><\/p>\n<p style=\"text-align: center;\">\u00a0<a href=\"http:\/\/www.bellaumbria.net\/wp-content\/uploads\/2016\/06\/Umbria-Jazz-2018.png\"><img decoding=\"async\" loading=\"lazy\" title=\"Umbria Jazz 2018\" src=\"http:\/\/www.bellaumbria.net\/wp-content\/uploads\/2016\/06\/Umbria-Jazz-2018.png\" alt=\"\" width=\"380\" height=\"581\" \/><\/a><\/p>\n<p style=\"text-align: center;\"><a href=\"http:\/\/www.bellaumbria.net\/en\/special-offers\/\" target=\"_blank\" rel=\"noopener\">\u00a0>> There are many offers to stay in Umbria! Discover them, Umbria Jazz is ready for you!<\/a><\/p>\n<\/div>\n","protected":false},"excerpt":{"rendered":"Dall' 11 al 21 Luglio 2019 a Perugia, torna l'appuntamento per eccellenza con la musica in Umbria: torna infatti Umbria Jazz, con un cartellone ancor pi\u00f9 ricco ed eclettico.\u00a0L'importanza di [...]","protected":false},"author":1,"featured_media":79593,"comment_status":"open","ping_status":"closed","sticky":false,"template":"","format":"standard","meta":[],"categories":[621],"tags":[],"tema_struttura_attivita":[],"target_struttura_attivita":[],"yoast_head":"<!-- This site is optimized with the Yoast SEO plugin v20.6 - https:\/\/yoast.com\/wordpress\/plugins\/seo\/ -->\n<title>Umbria Jazz of Perugia | Bella Umbria<\/title>\n<meta name=\"robots\" content=\"index, follow, max-snippet:-1, max-image-preview:large, max-video-preview:-1\" \/>\n<link rel=\"canonical\" href=\"https:\/\/www.bellaumbria.net\/en\/umbria-jazz-of-perugia\/\" \/>\n<meta property=\"og:locale\" content=\"en_US\" \/>\n<meta property=\"og:type\" content=\"article\" \/>\n<meta property=\"og:title\" content=\"Umbria Jazz of Perugia | Bella Umbria\" \/>\n<meta property=\"og:url\" content=\"https:\/\/www.bellaumbria.net\/en\/umbria-jazz-of-perugia\/\" \/>\n<meta property=\"og:site_name\" content=\"Bella Umbria\" \/>\n<meta property=\"article:publisher\" content=\"https:\/\/www.facebook.com\/bellaumbria\" \/>\n<meta property=\"article:published_time\" content=\"2022-08-12T15:45:30+00:00\" \/>\n<meta property=\"og:image\" content=\"https:\/\/www.bellaumbria.net\/wp-content\/uploads\/2011\/12\/illacahen.jpg\" \/>\n\t<meta property=\"og:image:width\" content=\"280\" \/>\n\t<meta property=\"og:image:height\" content=\"190\" \/>\n\t<meta property=\"og:image:type\" content=\"image\/jpeg\" \/>\n<meta name=\"author\" content=\"admin\" \/>\n<meta name=\"twitter:card\" content=\"summary_large_image\" \/>\n<meta name=\"twitter:label1\" content=\"Written by\" \/>\n\t<meta name=\"twitter:data1\" content=\"admin\" \/>\n\t<meta name=\"twitter:label2\" content=\"Est. reading time\" \/>\n\t<meta name=\"twitter:data2\" content=\"29 minutes\" \/>\n<script type=\"application\/ld+json\" class=\"yoast-schema-graph\">{\"@context\":\"https:\/\/schema.org\",\"@graph\":[{\"@type\":\"Article\",\"@id\":\"https:\/\/www.bellaumbria.net\/en\/umbria-jazz-of-perugia\/#article\",\"isPartOf\":{\"@id\":\"https:\/\/www.bellaumbria.net\/en\/umbria-jazz-of-perugia\/\"},\"author\":{\"name\":\"admin\",\"@id\":\"https:\/\/www.bellaumbria.net\/#\/schema\/person\/5f6da8aeb3361eea9d474e986a3a2595\"},\"headline\":\"Umbria Jazz of Perugia\",\"datePublished\":\"2022-08-12T15:45:30+00:00\",\"dateModified\":\"2022-08-12T15:45:30+00:00\",\"mainEntityOfPage\":{\"@id\":\"https:\/\/www.bellaumbria.net\/en\/umbria-jazz-of-perugia\/\"},\"wordCount\":5816,\"commentCount\":0,\"publisher\":{\"@id\":\"https:\/\/www.bellaumbria.net\/#organization\"},\"articleSection\":[\"Eventi\"],\"inLanguage\":\"en-US\"},{\"@type\":\"WebPage\",\"@id\":\"https:\/\/www.bellaumbria.net\/en\/umbria-jazz-of-perugia\/\",\"url\":\"https:\/\/www.bellaumbria.net\/en\/umbria-jazz-of-perugia\/\",\"name\":\"Umbria Jazz of Perugia | Bella Umbria\",\"isPartOf\":{\"@id\":\"https:\/\/www.bellaumbria.net\/#website\"},\"datePublished\":\"2022-08-12T15:45:30+00:00\",\"dateModified\":\"2022-08-12T15:45:30+00:00\",\"breadcrumb\":{\"@id\":\"https:\/\/www.bellaumbria.net\/en\/umbria-jazz-of-perugia\/#breadcrumb\"},\"inLanguage\":\"en-US\",\"potentialAction\":[{\"@type\":\"ReadAction\",\"target\":[\"https:\/\/www.bellaumbria.net\/en\/umbria-jazz-of-perugia\/\"]}]},{\"@type\":\"BreadcrumbList\",\"@id\":\"https:\/\/www.bellaumbria.net\/en\/umbria-jazz-of-perugia\/#breadcrumb\",\"itemListElement\":[{\"@type\":\"ListItem\",\"position\":1,\"name\":\"Home\",\"item\":\"https:\/\/www.bellaumbria.net\/en\/\"},{\"@type\":\"ListItem\",\"position\":2,\"name\":\"Umbria Jazz of Perugia\"}]},{\"@type\":\"WebSite\",\"@id\":\"https:\/\/www.bellaumbria.net\/#website\",\"url\":\"https:\/\/www.bellaumbria.net\/\",\"name\":\"Bella Umbria\",\"description\":\"La tua vacanza nel cuore verde d&#039;Italia\",\"publisher\":{\"@id\":\"https:\/\/www.bellaumbria.net\/#organization\"},\"potentialAction\":[{\"@type\":\"SearchAction\",\"target\":{\"@type\":\"EntryPoint\",\"urlTemplate\":\"https:\/\/www.bellaumbria.net\/?s={search_term_string}\"},\"query-input\":\"required name=search_term_string\"}],\"inLanguage\":\"en-US\"},{\"@type\":\"Organization\",\"@id\":\"https:\/\/www.bellaumbria.net\/#organization\",\"name\":\"Bella Umbria\",\"url\":\"https:\/\/www.bellaumbria.net\/\",\"logo\":{\"@type\":\"ImageObject\",\"inLanguage\":\"en-US\",\"@id\":\"https:\/\/www.bellaumbria.net\/#\/schema\/logo\/image\/\",\"url\":\"https:\/\/www.bellaumbria.net\/wp-content\/uploads\/2019\/09\/bella.jpeg\",\"contentUrl\":\"https:\/\/www.bellaumbria.net\/wp-content\/uploads\/2019\/09\/bella.jpeg\",\"width\":400,\"height\":400,\"caption\":\"Bella Umbria\"},\"image\":{\"@id\":\"https:\/\/www.bellaumbria.net\/#\/schema\/logo\/image\/\"},\"sameAs\":[\"https:\/\/www.facebook.com\/bellaumbria\",\"https:\/\/www.instagram.com\/bella_umbria\/\"]},{\"@type\":\"Person\",\"@id\":\"https:\/\/www.bellaumbria.net\/#\/schema\/person\/5f6da8aeb3361eea9d474e986a3a2595\",\"name\":\"admin\",\"image\":{\"@type\":\"ImageObject\",\"inLanguage\":\"en-US\",\"@id\":\"https:\/\/www.bellaumbria.net\/#\/schema\/person\/image\/\",\"url\":\"https:\/\/secure.gravatar.com\/avatar\/443e937f129c256faa84b01f7af92892?s=96&d=mm&r=g\",\"contentUrl\":\"https:\/\/secure.gravatar.com\/avatar\/443e937f129c256faa84b01f7af92892?s=96&d=mm&r=g\",\"caption\":\"admin\"},\"url\":\"https:\/\/www.bellaumbria.net\/en\/author\/admin\/\"}]}<\/script>\n<!-- \/ Yoast SEO plugin. -->","yoast_head_json":{"title":"Umbria Jazz of Perugia | Bella Umbria","robots":{"index":"index","follow":"follow","max-snippet":"max-snippet:-1","max-image-preview":"max-image-preview:large","max-video-preview":"max-video-preview:-1"},"canonical":"https:\/\/www.bellaumbria.net\/en\/umbria-jazz-of-perugia\/","og_locale":"en_US","og_type":"article","og_title":"Umbria Jazz of Perugia | Bella Umbria","og_url":"https:\/\/www.bellaumbria.net\/en\/umbria-jazz-of-perugia\/","og_site_name":"Bella Umbria","article_publisher":"https:\/\/www.facebook.com\/bellaumbria","article_published_time":"2022-08-12T15:45:30+00:00","og_image":[{"width":280,"height":190,"url":"https:\/\/www.bellaumbria.net\/wp-content\/uploads\/2011\/12\/illacahen.jpg","type":"image\/jpeg"}],"author":"admin","twitter_card":"summary_large_image","twitter_misc":{"Written by":"admin","Est. reading time":"29 minutes"},"schema":{"@context":"https:\/\/schema.org","@graph":[{"@type":"Article","@id":"https:\/\/www.bellaumbria.net\/en\/umbria-jazz-of-perugia\/#article","isPartOf":{"@id":"https:\/\/www.bellaumbria.net\/en\/umbria-jazz-of-perugia\/"},"author":{"name":"admin","@id":"https:\/\/www.bellaumbria.net\/#\/schema\/person\/5f6da8aeb3361eea9d474e986a3a2595"},"headline":"Umbria Jazz of Perugia","datePublished":"2022-08-12T15:45:30+00:00","dateModified":"2022-08-12T15:45:30+00:00","mainEntityOfPage":{"@id":"https:\/\/www.bellaumbria.net\/en\/umbria-jazz-of-perugia\/"},"wordCount":5816,"commentCount":0,"publisher":{"@id":"https:\/\/www.bellaumbria.net\/#organization"},"articleSection":["Eventi"],"inLanguage":"en-US"},{"@type":"WebPage","@id":"https:\/\/www.bellaumbria.net\/en\/umbria-jazz-of-perugia\/","url":"https:\/\/www.bellaumbria.net\/en\/umbria-jazz-of-perugia\/","name":"Umbria Jazz of Perugia | Bella Umbria","isPartOf":{"@id":"https:\/\/www.bellaumbria.net\/#website"},"datePublished":"2022-08-12T15:45:30+00:00","dateModified":"2022-08-12T15:45:30+00:00","breadcrumb":{"@id":"https:\/\/www.bellaumbria.net\/en\/umbria-jazz-of-perugia\/#breadcrumb"},"inLanguage":"en-US","potentialAction":[{"@type":"ReadAction","target":["https:\/\/www.bellaumbria.net\/en\/umbria-jazz-of-perugia\/"]}]},{"@type":"BreadcrumbList","@id":"https:\/\/www.bellaumbria.net\/en\/umbria-jazz-of-perugia\/#breadcrumb","itemListElement":[{"@type":"ListItem","position":1,"name":"Home","item":"https:\/\/www.bellaumbria.net\/en\/"},{"@type":"ListItem","position":2,"name":"Umbria Jazz of Perugia"}]},{"@type":"WebSite","@id":"https:\/\/www.bellaumbria.net\/#website","url":"https:\/\/www.bellaumbria.net\/","name":"Bella Umbria","description":"La tua vacanza nel cuore verde d&#039;Italia","publisher":{"@id":"https:\/\/www.bellaumbria.net\/#organization"},"potentialAction":[{"@type":"SearchAction","target":{"@type":"EntryPoint","urlTemplate":"https:\/\/www.bellaumbria.net\/?s={search_term_string}"},"query-input":"required name=search_term_string"}],"inLanguage":"en-US"},{"@type":"Organization","@id":"https:\/\/www.bellaumbria.net\/#organization","name":"Bella Umbria","url":"https:\/\/www.bellaumbria.net\/","logo":{"@type":"ImageObject","inLanguage":"en-US","@id":"https:\/\/www.bellaumbria.net\/#\/schema\/logo\/image\/","url":"https:\/\/www.bellaumbria.net\/wp-content\/uploads\/2019\/09\/bella.jpeg","contentUrl":"https:\/\/www.bellaumbria.net\/wp-content\/uploads\/2019\/09\/bella.jpeg","width":400,"height":400,"caption":"Bella Umbria"},"image":{"@id":"https:\/\/www.bellaumbria.net\/#\/schema\/logo\/image\/"},"sameAs":["https:\/\/www.facebook.com\/bellaumbria","https:\/\/www.instagram.com\/bella_umbria\/"]},{"@type":"Person","@id":"https:\/\/www.bellaumbria.net\/#\/schema\/person\/5f6da8aeb3361eea9d474e986a3a2595","name":"admin","image":{"@type":"ImageObject","inLanguage":"en-US","@id":"https:\/\/www.bellaumbria.net\/#\/schema\/person\/image\/","url":"https:\/\/secure.gravatar.com\/avatar\/443e937f129c256faa84b01f7af92892?s=96&d=mm&r=g","contentUrl":"https:\/\/secure.gravatar.com\/avatar\/443e937f129c256faa84b01f7af92892?s=96&d=mm&r=g","caption":"admin"},"url":"https:\/\/www.bellaumbria.net\/en\/author\/admin\/"}]}},"_links":{"self":[{"href":"https:\/\/www.bellaumbria.net\/en\/wp-json\/wp\/v2\/posts\/192927"}],"collection":[{"href":"https:\/\/www.bellaumbria.net\/en\/wp-json\/wp\/v2\/posts"}],"about":[{"href":"https:\/\/www.bellaumbria.net\/en\/wp-json\/wp\/v2\/types\/post"}],"author":[{"embeddable":true,"href":"https:\/\/www.bellaumbria.net\/en\/wp-json\/wp\/v2\/users\/1"}],"replies":[{"embeddable":true,"href":"https:\/\/www.bellaumbria.net\/en\/wp-json\/wp\/v2\/comments?post=192927"}],"version-history":[{"count":0,"href":"https:\/\/www.bellaumbria.net\/en\/wp-json\/wp\/v2\/posts\/192927\/revisions"}],"wp:featuredmedia":[{"embeddable":true,"href":"https:\/\/www.bellaumbria.net\/en\/wp-json\/wp\/v2\/media\/79593"}],"wp:attachment":[{"href":"https:\/\/www.bellaumbria.net\/en\/wp-json\/wp\/v2\/media?parent=192927"}],"wp:term":[{"taxonomy":"category","embeddable":true,"href":"https:\/\/www.bellaumbria.net\/en\/wp-json\/wp\/v2\/categories?post=192927"},{"taxonomy":"post_tag","embeddable":true,"href":"https:\/\/www.bellaumbria.net\/en\/wp-json\/wp\/v2\/tags?post=192927"},{"taxonomy":"tema_struttura_attivita","embeddable":true,"href":"https:\/\/www.bellaumbria.net\/en\/wp-json\/wp\/v2\/tema_struttura_attivita?post=192927"},{"taxonomy":"target_struttura_attivita","embeddable":true,"href":"https:\/\/www.bellaumbria.net\/en\/wp-json\/wp\/v2\/target_struttura_attivita?post=192927"}],"curies":[{"name":"wp","href":"https:\/\/api.w.org\/{rel}","templated":true}]}}